{"id":8621,"date":"2023-02-16T15:04:18","date_gmt":"2023-02-16T21:04:18","guid":{"rendered":"http:\/\/contextoanalisisperiodistico.com.mx\/?p=8621"},"modified":"2023-02-16T15:04:18","modified_gmt":"2023-02-16T21:04:18","slug":"aeronaves-del-gobierno-del-estado-disponibles-para-salvar-vidas-de-oaxaquenas-y-oaxaquenos","status":"publish","type":"post","link":"https:\/\/contextoanalisisperiodistico.com\/index.php\/2023\/02\/16\/aeronaves-del-gobierno-del-estado-disponibles-para-salvar-vidas-de-oaxaquenas-y-oaxaquenos\/","title":{"rendered":"Aeronaves del Gobierno del Estado disponibles para salvar vidas de oaxaque\u00f1as y oaxaque\u00f1os"},"content":{"rendered":"<div id=\"fb-root\"><\/div>\n\n<p>\u2022 A 78 d\u00edas del inicio de esta administraci\u00f3n, se han realizado 16 traslados de emergencia de diversas localidades del interior del estado a diferentes hospitales de la capital y hacia la Ciudad de M\u00e9xico<\/p>\n\n\n\n<p>Oaxaca de Ju\u00e1rez, Oax., 16 de febrero de 2023.- Con el objetivo primordial de salvar vidas y garantizar la atenci\u00f3n m\u00e9dica oportuna a la poblaci\u00f3n de los 570 municipios, el Gobierno que encabeza Salom\u00f3n Jara Cruz, a trav\u00e9s de los Servicios de Salud de Oaxaca (SSO), ha realizado 16 traslados a\u00e9reos, de manera segura y exitosa, a los 78 d\u00edas de haber iniciado esta administraci\u00f3n.<\/p>\n\n\n\n<p>Al respecto, la secretaria de Salud, Alma Lilia Velasco Hern\u00e1ndez destac\u00f3 que en un trabajo conjunto con el Centro Regulador de Urgencias M\u00e9dicas (CRUM) y el Sistema de Atenci\u00f3n M\u00e9dica de Urgencias (SAMU), la tripulaci\u00f3n a\u00e9rea consigue recorrer distancias largas en tiempos r\u00e9cord, para as\u00ed dar una \u00f3ptima atenci\u00f3n a pacientes en estado cr\u00edtico, y agilizar su recepci\u00f3n en los hospitales de especialidad.<\/p>\n\n\n\n<p>Con estas acciones, se da cumplimiento al eje estrat\u00e9gico para lograr la Reparaci\u00f3n Hist\u00f3rica de los Pueblos a trav\u00e9s de las Pol\u00edticas de Bienestar Transformador, para concretar la construcci\u00f3n de un nuevo sistema de salud.<\/p>\n\n\n\n<p>El equipo de respuesta inmediata est\u00e1 integrado por personal multidisciplinario, encabezado por dos pilotos, un aerom\u00e9dico, un t\u00e9cnico en urgencias m\u00e9dicas, una enfermera y personal de ambulancias terrestres. Esta fuerza de reacci\u00f3n ha permitido atender oportunamente urgencias m\u00e9dicas y con ello garantizar el derecho a la salud de las y los oaxaque\u00f1os.<\/p>\n\n\n\n<p>Cabe resaltar que, del total de operaciones, tres fueron traslados a\u00e9reos de pacientes embarazadas con diagn\u00f3stico de gravedad.<\/p>\n\n\n\n<p>Una de las indicaciones del Gobernador, es reforzar las acciones que coadyuven a reducir los \u00edndices de mortalidad materna, de ah\u00ed que se ha impulsado la transformaci\u00f3n de los servicios materno-infantil, al tener como prioridad garantizar los servicios m\u00e9dicos a las mujeres en etapa de gestaci\u00f3n.<\/p>\n\n\n\n<p>La funcionaria puntualiz\u00f3 que, las aeronaves oficiales se activan exclusivamente para tareas en materia de salud, seguridad y protecci\u00f3n civil, cumpliendo as\u00ed las instrucciones de la actual administraci\u00f3n.<\/p>\n\n\n\n<p>Destac\u00f3 que se han concretado de manera exitosa traslados aerom\u00e9dicos de pacientes menores de edad en estado cr\u00edtico y de personas adultas que sufrieron graves accidentes, los cuales se han realizado en conjunto con el Sector Salud de la red hospitalaria en la entidad, as\u00ed como a centros m\u00e9dicos de especialidad ubicados en la Ciudad de M\u00e9xico.<\/p>\n\n\n\n<p>Cabe destacar que este programa se realiza por medio de los dos helic\u00f3pteros Bell 407 y Augusta A109 del Gobierno del Estado.<\/p>\n\n\n\n<figure class=\"wp-block-image size-large\"><img decoding=\"async\" src=\"https:\/\/contextoinformacionyanalisisperiodistico.files.wordpress.com\/2023\/02\/img-20230216-wa0048906854992063448686.jpg?w=1024\" alt=\"\" class=\"wp-image-8623\" \/><\/figure>\n\n\n\n<figure class=\"wp-block-image\"><img decoding=\"async\" src=\"https:\/\/contextoinformacionyanalisisperiodistico.files.wordpress.com\/2023\/02\/img-20230216-wa0051481224071769731591.jpg?w=1024\" alt=\"\" class=\"wp-image-8624\" \/><\/figure>\n\n\n\n<figure class=\"wp-block-image\"><img decoding=\"async\" src=\"https:\/\/contextoinformacionyanalisisperiodistico.files.wordpress.com\/2023\/02\/img-20230216-wa00497842219362006115742.jpg?w=1024\" alt=\"\" class=\"wp-image-8625\" \/><\/figure>\n\n\n\n<figure class=\"wp-block-image\"><img decoding=\"async\" src=\"https:\/\/contextoinformacionyanalisisperiodistico.files.wordpress.com\/2023\/02\/img-20230216-wa00502761649856028250468.jpg?w=1024\" alt=\"\" class=\"wp-image-8626\" \/><\/figure>\n","protected":false},"excerpt":{"rendered":"<p>\u2022 A 78 d\u00edas del inicio de esta administraci\u00f3n, se han realizado 16 traslados de&#8230;<\/p>\n","protected":false},"author":2,"featured_media":8622,"comment_status":"open","ping_status":"open","sticky":false,"template":"","format":"standard","meta":{"footnotes":""},"categories":[9],"tags":[],"jetpack_sharing_enabled":true,"featured_image_urls":{"full":"","thumbnail":"","medium":"","medium_large":"","large":"","1536x1536":"","2048x2048":"","covernews-slider-full":"","covernews-slider-center":"","covernews-featured":"","covernews-medium":"","covernews-medium-square":""},"author_info":{"display_name":"Miguel","author_link":"https:\/\/contextoanalisisperiodistico.com\/index.php\/author\/editor\/"},"category_info":"<a href=\"https:\/\/contextoanalisisperiodistico.com\/index.php\/category\/politica\/\" rel=\"category tag\">Pol\u00edtica<\/a>","tag_info":"Pol\u00edtica","comment_count":"0","jetpack_featured_media_url":"","_links":{"self":[{"href":"https:\/\/contextoanalisisperiodistico.com\/index.php\/wp-json\/wp\/v2\/posts\/8621"}],"collection":[{"href":"https:\/\/contextoanalisisperiodistico.com\/index.php\/wp-json\/wp\/v2\/posts"}],"about":[{"href":"https:\/\/contextoanalisisperiodistico.com\/index.php\/wp-json\/wp\/v2\/types\/post"}],"author":[{"embeddable":true,"href":"https:\/\/contextoanalisisperiodistico.com\/index.php\/wp-json\/wp\/v2\/users\/2"}],"replies":[{"embeddable":true,"href":"https:\/\/contextoanalisisperiodistico.com\/index.php\/wp-json\/wp\/v2\/comments?post=8621"}],"version-history":[{"count":0,"href":"https:\/\/contextoanalisisperiodistico.com\/index.php\/wp-json\/wp\/v2\/posts\/8621\/revisions"}],"wp:featuredmedia":[{"embeddable":true,"href":"https:\/\/contextoanalisisperiodistico.com\/index.php\/wp-json\/"}],"wp:attachment":[{"href":"https:\/\/contextoanalisisperiodistico.com\/index.php\/wp-json\/wp\/v2\/media?parent=8621"}],"wp:term":[{"taxonomy":"category","embeddable":true,"href":"https:\/\/contextoanalisisperiodistico.com\/index.php\/wp-json\/wp\/v2\/categories?post=8621"},{"taxonomy":"post_tag","embeddable":true,"href":"https:\/\/contextoanalisisperiodistico.com\/index.php\/wp-json\/wp\/v2\/tags?post=8621"}],"curies":[{"name":"wp","href":"https:\/\/api.w.org\/{rel}","templated":true}]}}