{"id":8558,"date":"2023-02-15T17:04:17","date_gmt":"2023-02-15T23:04:17","guid":{"rendered":"http:\/\/contextoanalisisperiodistico.com.mx\/?p=8558"},"modified":"2023-02-15T17:04:17","modified_gmt":"2023-02-15T23:04:17","slug":"gobierno-de-oaxaca-mantiene-dialogo-permanente-conorganizaciones-sociales-de-la-zona-triqui-sego","status":"publish","type":"post","link":"https:\/\/contextoanalisisperiodistico.com\/index.php\/2023\/02\/15\/gobierno-de-oaxaca-mantiene-dialogo-permanente-conorganizaciones-sociales-de-la-zona-triqui-sego\/","title":{"rendered":"Gobierno de Oaxaca mantiene di\u00e1logo permanente conorganizaciones sociales de la zona Triqui: Sego"},"content":{"rendered":"<div id=\"fb-root\"><\/div>\n\n<p>Oaxaca de Ju\u00e1rez, Oax. 15 de febrero de 2023. El titular de la Secretar\u00eda de Gobierno de Oaxaca (Sego), Jes\u00fas Romero L\u00f3pez inform\u00f3 que la administraci\u00f3n estatal mantiene la comunicaci\u00f3n y el di\u00e1logo permanente con organizaciones sociales involucradas en el proceso de pacificaci\u00f3n de la zona Triqui.<\/p>\n\n\n\n<p>Respecto a un enfrentamiento en esta zona de la entidad y la agresi\u00f3n a un elemento de la polic\u00eda estatal, inform\u00f3 que ya se investiga el acontecimiento.<\/p>\n\n\n\n<p>Detall\u00f3 que, de forma inmediata se instal\u00f3 una mesa de di\u00e1logo con integrantes del Movimiento de Unificaci\u00f3n y Lucha Triqui (MULT), mientras que este mi\u00e9rcoles se har\u00e1 lo propio con Movimiento de Unificaci\u00f3n y Lucha Triqui Independiente (MULTI).<\/p>\n\n\n\n<p>El responsable de la pol\u00edtica interna en la entidad precis\u00f3 que se investiga la existencia de factores terceros externos que est\u00e9n generando una situaci\u00f3n de violencia.<\/p>\n\n\n\n<p>Sin embargo, afirm\u00f3 que estos acontecimientos no le quitar\u00e1n a la administraci\u00f3n estatal la decisi\u00f3n de construir la paz en Oaxaca; \u201ces un compromiso del Gobernador del Estado, que la paz debe llegar a la zona Triqui\u201d.<\/p>\n","protected":false},"excerpt":{"rendered":"<p>Oaxaca de Ju\u00e1rez, Oax. 15 de febrero de 2023. El titular de la Secretar\u00eda de&#8230;<\/p>\n","protected":false},"author":2,"featured_media":8559,"comment_status":"open","ping_status":"open","sticky":false,"template":"","format":"standard","meta":{"footnotes":""},"categories":[9],"tags":[],"jetpack_sharing_enabled":true,"featured_image_urls":{"full":"","thumbnail":"","medium":"","medium_large":"","large":"","1536x1536":"","2048x2048":"","covernews-slider-full":"","covernews-slider-center":"","covernews-featured":"","covernews-medium":"","covernews-medium-square":""},"author_info":{"display_name":"Miguel","author_link":"https:\/\/contextoanalisisperiodistico.com\/index.php\/author\/editor\/"},"category_info":"<a href=\"https:\/\/contextoanalisisperiodistico.com\/index.php\/category\/politica\/\" rel=\"category tag\">Pol\u00edtica<\/a>","tag_info":"Pol\u00edtica","comment_count":"0","jetpack_featured_media_url":"","_links":{"self":[{"href":"https:\/\/contextoanalisisperiodistico.com\/index.php\/wp-json\/wp\/v2\/posts\/8558"}],"collection":[{"href":"https:\/\/contextoanalisisperiodistico.com\/index.php\/wp-json\/wp\/v2\/posts"}],"about":[{"href":"https:\/\/contextoanalisisperiodistico.com\/index.php\/wp-json\/wp\/v2\/types\/post"}],"author":[{"embeddable":true,"href":"https:\/\/contextoanalisisperiodistico.com\/index.php\/wp-json\/wp\/v2\/users\/2"}],"replies":[{"embeddable":true,"href":"https:\/\/contextoanalisisperiodistico.com\/index.php\/wp-json\/wp\/v2\/comments?post=8558"}],"version-history":[{"count":0,"href":"https:\/\/contextoanalisisperiodistico.com\/index.php\/wp-json\/wp\/v2\/posts\/8558\/revisions"}],"wp:featuredmedia":[{"embeddable":true,"href":"https:\/\/contextoanalisisperiodistico.com\/index.php\/wp-json\/"}],"wp:attachment":[{"href":"https:\/\/contextoanalisisperiodistico.com\/index.php\/wp-json\/wp\/v2\/media?parent=8558"}],"wp:term":[{"taxonomy":"category","embeddable":true,"href":"https:\/\/contextoanalisisperiodistico.com\/index.php\/wp-json\/wp\/v2\/categories?post=8558"},{"taxonomy":"post_tag","embeddable":true,"href":"https:\/\/contextoanalisisperiodistico.com\/index.php\/wp-json\/wp\/v2\/tags?post=8558"}],"curies":[{"name":"wp","href":"https:\/\/api.w.org\/{rel}","templated":true}]}}