{"id":8540,"date":"2023-02-14T20:39:51","date_gmt":"2023-02-15T02:39:51","guid":{"rendered":"http:\/\/contextoanalisisperiodistico.com.mx\/?p=8540"},"modified":"2023-02-14T20:39:51","modified_gmt":"2023-02-15T02:39:51","slug":"despliega-sspc-acciones-interinstitucionales-en-santiago-amoltepec-para-resguardar-el-orden-y-la-paz-en-la-zona","status":"publish","type":"post","link":"https:\/\/contextoanalisisperiodistico.com\/index.php\/2023\/02\/14\/despliega-sspc-acciones-interinstitucionales-en-santiago-amoltepec-para-resguardar-el-orden-y-la-paz-en-la-zona\/","title":{"rendered":"Despliega SSPC acciones interinstitucionales en Santiago Amoltepec, para resguardar el orden y la paz en la zona"},"content":{"rendered":"<div id=\"fb-root\"><\/div>\n\n<p>Oaxaca de Ju\u00e1rez, Oax., 14 de febrero de 2023.- En cumplimiento a las instrucciones del Gobernador del Estado de Oaxaca, Salom\u00f3n Jara Cruz tras los hechos suscitados est\u00e1 tarde en Santiago Amoltepec, en los que lamentablemente perdieron la vida personas; la Secretar\u00eda de Seguridad y Protecci\u00f3n Ciudadana (SSPC), despleg\u00f3 acciones interinstitucionales para fortalecer la seguridad y el orden en la zona.<\/p>\n\n\n\n<p>Mediante una coordinaci\u00f3n entre los tres niveles de gobierno; as\u00ed como con la Fiscal\u00eda General del Estado de Oaxaca, la SSPC, al mando del Capit\u00e1n de Fragata, Iv\u00e1n Garc\u00eda \u00c1lvarez, se dirige a la zona para coadyuvar en el \u00e1mbito de sus atribuciones y responsabilidades en las diligencias correspondientes en la regi\u00f3n.<\/p>\n\n\n\n<p>En este sentido, efectivos de la Polic\u00eda Estatal, Guardia Nacional y autoridades municipales, implementar\u00e1n patrullajes de seguridad y vigilancia para resguardar dicho municipio de la Sierra Sur de Oaxaca; asimismo, llevar\u00e1n a cabo acciones estrat\u00e9gicas, a fin de dar con las o los presuntos responsables de tales hechos.<\/p>\n\n\n\n<p>Cabe se\u00f1alar que, ninguna de las personas que desafortunadamente perdieron la vida, son integrantes de alguna corporaci\u00f3n de seguridad adscrita a esta dependencia estatal.<\/p>\n\n\n\n<p>El Gobierno del Estado de Oaxaca reitera su compromiso de mantener el Estado de Derecho; buscando el bienestar de las y los oaxaque\u00f1os.<\/p>\n","protected":false},"excerpt":{"rendered":"<p>Oaxaca de Ju\u00e1rez, Oax., 14 de febrero de 2023.- En cumplimiento a las instrucciones del&#8230;<\/p>\n","protected":false},"author":2,"featured_media":8541,"comment_status":"open","ping_status":"open","sticky":false,"template":"","format":"standard","meta":{"footnotes":""},"categories":[10],"tags":[],"jetpack_sharing_enabled":true,"featured_image_urls":{"full":"","thumbnail":"","medium":"","medium_large":"","large":"","1536x1536":"","2048x2048":"","covernews-slider-full":"","covernews-slider-center":"","covernews-featured":"","covernews-medium":"","covernews-medium-square":""},"author_info":{"display_name":"Miguel","author_link":"https:\/\/contextoanalisisperiodistico.com\/index.php\/author\/editor\/"},"category_info":"<a href=\"https:\/\/contextoanalisisperiodistico.com\/index.php\/category\/seguridad\/\" rel=\"category tag\">Seguridad<\/a>","tag_info":"Seguridad","comment_count":"0","jetpack_featured_media_url":"","_links":{"self":[{"href":"https:\/\/contextoanalisisperiodistico.com\/index.php\/wp-json\/wp\/v2\/posts\/8540"}],"collection":[{"href":"https:\/\/contextoanalisisperiodistico.com\/index.php\/wp-json\/wp\/v2\/posts"}],"about":[{"href":"https:\/\/contextoanalisisperiodistico.com\/index.php\/wp-json\/wp\/v2\/types\/post"}],"author":[{"embeddable":true,"href":"https:\/\/contextoanalisisperiodistico.com\/index.php\/wp-json\/wp\/v2\/users\/2"}],"replies":[{"embeddable":true,"href":"https:\/\/contextoanalisisperiodistico.com\/index.php\/wp-json\/wp\/v2\/comments?post=8540"}],"version-history":[{"count":0,"href":"https:\/\/contextoanalisisperiodistico.com\/index.php\/wp-json\/wp\/v2\/posts\/8540\/revisions"}],"wp:featuredmedia":[{"embeddable":true,"href":"https:\/\/contextoanalisisperiodistico.com\/index.php\/wp-json\/"}],"wp:attachment":[{"href":"https:\/\/contextoanalisisperiodistico.com\/index.php\/wp-json\/wp\/v2\/media?parent=8540"}],"wp:term":[{"taxonomy":"category","embeddable":true,"href":"https:\/\/contextoanalisisperiodistico.com\/index.php\/wp-json\/wp\/v2\/categories?post=8540"},{"taxonomy":"post_tag","embeddable":true,"href":"https:\/\/contextoanalisisperiodistico.com\/index.php\/wp-json\/wp\/v2\/tags?post=8540"}],"curies":[{"name":"wp","href":"https:\/\/api.w.org\/{rel}","templated":true}]}}