{"id":8534,"date":"2023-02-14T20:12:42","date_gmt":"2023-02-15T02:12:42","guid":{"rendered":"http:\/\/contextoanalisisperiodistico.com.mx\/?p=8534"},"modified":"2023-02-14T20:12:42","modified_gmt":"2023-02-15T02:12:42","slug":"trabajando-en-equipo-en-seis-anos-lograremos-cambiar-el-rostro-de-oaxaca-irma-bolanos","status":"publish","type":"post","link":"https:\/\/contextoanalisisperiodistico.com\/index.php\/2023\/02\/14\/trabajando-en-equipo-en-seis-anos-lograremos-cambiar-el-rostro-de-oaxaca-irma-bolanos\/","title":{"rendered":"Trabajando en equipo, en seis a\u00f1os, lograremos cambiar el rostro de Oaxaca: Irma Bola\u00f1os"},"content":{"rendered":"<div id=\"fb-root\"><\/div>\n\n<p>San Juan Bautista Tuxtepec, Oax., 14 de febrero de 2023.- En su recorrido por las ocho regiones del estado, Irma Bola\u00f1os Quijano, presidenta honoraria del Sistema Estatal para el Desarrollo Integral de la Familia (DIF) de Oaxaca, se reuni\u00f3 con presidentas y presidentes de los comit\u00e9s DIF municipales de la regi\u00f3n de la Cuenca del Papaloapan, a quienes les refrend\u00f3 que desde el territorio y con el trabajo coordinado de las autoridades municipales, en seis a\u00f1os se lograr\u00e1 transformar el rostro de los pueblos y comunidades de la entidad.<\/p>\n\n\n\n<p>En el marco de su quinta reuni\u00f3n de trabajo con municipios del estado, Bola\u00f1os Quijano coment\u00f3 que su prioridad es la atenci\u00f3n integral de ni\u00f1as, ni\u00f1os, adolescentes, personas adultas mayores y con discapacidad, pues en su caminar por las comunidades ha constatado las necesidades m\u00e1s apremiantes como la regularizaci\u00f3n de sus documentos de identidad para acceder a programas sociales y aparatos funcionales como sillas de ruedas, bastones y andaderas.<\/p>\n\n\n\n<p>\u201cEn el pasado, la entrega de este tipo de apoyos estaba a merced de un grupo reducido del funcionariado, pero ahora la haremos de manera directa y en la medida de las posibilidades hasta su comunidad de origen; y aunque a veces el acceso es dif\u00edcil, lo hacemos con mucho cari\u00f1o para que cambien las condiciones de quienes menos tienen\u201d, sostuvo.<\/p>\n\n\n\n<p>Por otra parte, Maribel Salinas Velasco, directora general del DIF Oaxaca extern\u00f3 que esta visita les permite conocer las necesidades de la gente y escucharlos de cerca a\u00fan en las comunidades m\u00e1s apartadas, pues su inter\u00e9s principal es la cercan\u00eda con la gente, recoger su sentir y sus llamados porque son servidores p\u00fablicos de a pie y no de escritorio.<\/p>\n\n\n\n<p>\u201cEl Sistema DIF Oaxaca es un aliado de ustedes, protegemos y ayudamos a los que m\u00e1s nos necesitan; estamos trabajando para generar las oportunidades que permitan a las familias oaxaque\u00f1as lograr su pleno desarrollo\u201d, expres\u00f3.<\/p>\n\n\n\n<p>Para lograrlo, continu\u00f3 Salinas Velasco, y por iniciativa de la Presidenta Honoraria del organismo asistencial, Irma Bola\u00f1os Quijano, se est\u00e1 llevando a cabo la \u201cJornada de Bienestar para Todas y Todos\u201d, con el prop\u00f3sito de conocer si los candidatos a los distintos programas cuentan con su acta de nacimiento y CURP, a fin de cubrir todos los requisitos y se incorporen a los programas sociales.<\/p>\n\n\n\n<p>En su oportunidad, Erika V\u00e1squez Estrada, presidenta del Comit\u00e9 DIF Municipal de San Juan Bautista Tuxtepec, celebr\u00f3 la realizaci\u00f3n de esta reuni\u00f3n en la que se les brind\u00f3 informaci\u00f3n y el proceso que deben seguir para que sus municipios puedan aplicar los servicios y programas del organismo de asistencia social.<\/p>\n\n\n\n<p>En el marco de este evento, el personal directivo inform\u00f3 sobre el procedimiento para que las y los titulares de los comit\u00e9s DIF municipales puedan acceder a los programas y servicios del organismo.<\/p>\n\n\n\n<p>Tambi\u00e9n, la Presidenta Honoraria del DIF Oaxaca entreg\u00f3 de manera simb\u00f3lica acreditaciones de los comit\u00e9s DIF municipales de San Juan Bautista Tlacoatzintepec, Loma Bonita, San Jos\u00e9 Independencia y Cosolapa.<\/p>\n\n\n\n<p>-0-<\/p>\n\n\n\n<figure class=\"wp-block-image size-large\"><img decoding=\"async\" src=\"https:\/\/contextoinformacionyanalisisperiodistico.files.wordpress.com\/2023\/02\/img-20230214-wa00771436057904176508944.jpg?w=1024\" alt=\"\" class=\"wp-image-8537\" \/><\/figure>\n\n\n\n<figure class=\"wp-block-image\"><img decoding=\"async\" src=\"https:\/\/contextoinformacionyanalisisperiodistico.files.wordpress.com\/2023\/02\/img-20230214-wa00768291846597220586048.jpg?w=1024\" alt=\"\" class=\"wp-image-8538\" \/><\/figure>\n","protected":false},"excerpt":{"rendered":"<p>San Juan Bautista Tuxtepec, Oax., 14 de febrero de 2023.- En su recorrido por las&#8230;<\/p>\n","protected":false},"author":2,"featured_media":8536,"comment_status":"open","ping_status":"open","sticky":false,"template":"","format":"standard","meta":{"footnotes":""},"categories":[7],"tags":[],"jetpack_sharing_enabled":true,"featured_image_urls":{"full":"","thumbnail":"","medium":"","medium_large":"","large":"","1536x1536":"","2048x2048":"","covernews-slider-full":"","covernews-slider-center":"","covernews-featured":"","covernews-medium":"","covernews-medium-square":""},"author_info":{"display_name":"Miguel","author_link":"https:\/\/contextoanalisisperiodistico.com\/index.php\/author\/editor\/"},"category_info":"<a href=\"https:\/\/contextoanalisisperiodistico.com\/index.php\/category\/municipios\/\" rel=\"category tag\">Municipios<\/a>","tag_info":"Municipios","comment_count":"0","jetpack_featured_media_url":"","_links":{"self":[{"href":"https:\/\/contextoanalisisperiodistico.com\/index.php\/wp-json\/wp\/v2\/posts\/8534"}],"collection":[{"href":"https:\/\/contextoanalisisperiodistico.com\/index.php\/wp-json\/wp\/v2\/posts"}],"about":[{"href":"https:\/\/contextoanalisisperiodistico.com\/index.php\/wp-json\/wp\/v2\/types\/post"}],"author":[{"embeddable":true,"href":"https:\/\/contextoanalisisperiodistico.com\/index.php\/wp-json\/wp\/v2\/users\/2"}],"replies":[{"embeddable":true,"href":"https:\/\/contextoanalisisperiodistico.com\/index.php\/wp-json\/wp\/v2\/comments?post=8534"}],"version-history":[{"count":0,"href":"https:\/\/contextoanalisisperiodistico.com\/index.php\/wp-json\/wp\/v2\/posts\/8534\/revisions"}],"wp:featuredmedia":[{"embeddable":true,"href":"https:\/\/contextoanalisisperiodistico.com\/index.php\/wp-json\/"}],"wp:attachment":[{"href":"https:\/\/contextoanalisisperiodistico.com\/index.php\/wp-json\/wp\/v2\/media?parent=8534"}],"wp:term":[{"taxonomy":"category","embeddable":true,"href":"https:\/\/contextoanalisisperiodistico.com\/index.php\/wp-json\/wp\/v2\/categories?post=8534"},{"taxonomy":"post_tag","embeddable":true,"href":"https:\/\/contextoanalisisperiodistico.com\/index.php\/wp-json\/wp\/v2\/tags?post=8534"}],"curies":[{"name":"wp","href":"https:\/\/api.w.org\/{rel}","templated":true}]}}