{"id":8504,"date":"2023-02-14T18:24:32","date_gmt":"2023-02-15T00:24:32","guid":{"rendered":"http:\/\/contextoanalisisperiodistico.com.mx\/?p=8504"},"modified":"2023-02-14T18:24:32","modified_gmt":"2023-02-15T00:24:32","slug":"municipio-de-oaxaca-de-juarez-e-inah-firman-convenio-de-colaboracion","status":"publish","type":"post","link":"https:\/\/contextoanalisisperiodistico.com\/index.php\/2023\/02\/14\/municipio-de-oaxaca-de-juarez-e-inah-firman-convenio-de-colaboracion\/","title":{"rendered":"Municipio de Oaxaca de Ju\u00e1rez e INAH firman convenio de colaboraci\u00f3n"},"content":{"rendered":"<div id=\"fb-root\"><\/div>\n\n<p>\u2022 Ambas instituciones sumar\u00e1n esfuerzos para llevar a cabo acciones que contribuyan a la protecci\u00f3n, conservaci\u00f3n, restauraci\u00f3n, recuperaci\u00f3n y difusi\u00f3n del patrimonio cultural, paleontol\u00f3gico, arqueol\u00f3gico e hist\u00f3rico de Oaxaca de Ju\u00e1rez.<\/p>\n\n\n\n<p>Oaxaca de Ju\u00e1rez, Oax., a 14 de febrero de 2023. \u201cHoy asumimos un compromiso de preservaci\u00f3n y cuidado de lo que nos dejaron y lo que nosotros hemos venido construyendo\u201d, se\u00f1al\u00f3 el presidente municipal, Francisco Mart\u00ednez Neri, en la firma del convenio marco de colaboraci\u00f3n y coordinaci\u00f3n con el Instituto Nacional de Antropolog\u00eda e Historia (INAH).<\/p>\n\n\n\n<figure class=\"wp-block-image size-large\"><img decoding=\"async\" src=\"https:\/\/contextoinformacionyanalisisperiodistico.files.wordpress.com\/2023\/02\/img-20230214-wa00699093083824399345082.jpg?w=1024\" alt=\"\" class=\"wp-image-8507\" \/><\/figure>\n\n\n\n<figure class=\"wp-block-image\"><img decoding=\"async\" src=\"https:\/\/contextoinformacionyanalisisperiodistico.files.wordpress.com\/2023\/02\/img-20230214-wa00688436713089380455240.jpg?w=1024\" alt=\"\" class=\"wp-image-8506\" \/><\/figure>\n\n\n\n<figure class=\"wp-block-image\"><img decoding=\"async\" src=\"https:\/\/contextoinformacionyanalisisperiodistico.files.wordpress.com\/2023\/02\/img-20230214-wa00702348966510296104075.jpg?w=1024\" alt=\"\" class=\"wp-image-8508\" \/><\/figure>\n\n\n\n<p>En el marco del 50 aniversario de la instalaci\u00f3n del centro INAH en el estado de Oaxaca, este martes 14 de febrero se llev\u00f3 a cabo la firma del convenio, marco de colaboraci\u00f3n y coordinaci\u00f3n entre el gobierno municipal de Oaxaca de Ju\u00e1rez y el Instituto Nacional de Antropolog\u00eda e Historia (INAH), documento que, en palabras del primer concejal, marca una \u201ccoordinaci\u00f3n de esfuerzos con una de las instituciones m\u00e1s queridas y prestigiadas del pa\u00eds\u201d.<\/p>\n\n\n\n<p>Acompa\u00f1ado del director General del INAH, Diego Prieto Hern\u00e1ndez, la acad\u00e9mica corresponsal de la Academia Mexicana de Historia en Oaxaca, Isabel Gra\u00f1\u00e9n Porr\u00faa, el director del INAH Oaxaca, Joel Omar V\u00e1zquez Herrera, el coordinador Nacional de Centros INAH, Ren\u00e9 Alvarado L\u00f3pez, la coordinadora Nacional de Asuntos Jur\u00eddicos del INAH, Mar\u00eda del Perpetuo Socorro Villarreal, el director del Instituto del Patrimonio Cultural del Estado de Oaxaca, Fernando Molina Herbert, la s\u00edndica Primera, Nancy Belem Mota Figueroa y la secretaria de Obras P\u00fablicas y Desarrollo Urbano, Ivonne Denisse Arandia Valencia, Mart\u00ednez Neri puntualiz\u00f3 que ambas instituciones sumar\u00e1n esfuerzos, recursos y capacidades, para llevar a cabo las acciones que contribuyan a la protecci\u00f3n, conservaci\u00f3n, restauraci\u00f3n, recuperaci\u00f3n y difusi\u00f3n del patrimonio cultural, paleontol\u00f3gico, arqueol\u00f3gico e hist\u00f3rico localizado en el municipio de Oaxaca de Ju\u00e1rez.<\/p>\n\n\n\n<p>Asimismo, el edil capitalino se\u00f1al\u00f3 que se contar\u00e1 con el apoyo y orientaci\u00f3n del INAH para la revisi\u00f3n y adecuaci\u00f3n de los reglamentos municipales, inherentes a la protecci\u00f3n y conservaci\u00f3n del patrimonio cultural.<\/p>\n\n\n\n<p>En su intervenci\u00f3n, el director General del INAH, Diego Prieto Hern\u00e1ndez, reconoci\u00f3 el trabajo realizado por el edil capitalino en el cuidado y protecci\u00f3n del patrimonio cultural, desde antes de asumir el cargo como presidente municipal.<\/p>\n\n\n\n<p>\u201cEste convenio nos obliga a seguir trabajando juntos por el cuidado y el disfrute de la ciudad de Oaxaca de Ju\u00e1rez, catalogada por la ONU como Patrimonio Cultural de la Humanidad\u201d, acot\u00f3.<\/p>\n\n\n\n<p>Por su parte, Isabel Gra\u00f1\u00e9n Porr\u00faa,<br \/>celebr\u00f3 que las autoridades federales y municipales se pongan de acuerdo y trabajen juntos en la conservaci\u00f3n de esta ciudad, y como acad\u00e9mica se\u00f1al\u00f3 que la sociedad civil tambi\u00e9n sumar\u00e1 esfuerzos para que las pr\u00f3ximas generaciones puedan disfrutar de este patrimonio.<\/p>\n\n\n\n<p>De esta forma, se enaltece el patrimonio de la ciudad y se preservan las expresiones culturales en la formaci\u00f3n de una ciudad educadora.<\/p>\n","protected":false},"excerpt":{"rendered":"<p>\u2022 Ambas instituciones sumar\u00e1n esfuerzos para llevar a cabo acciones que contribuyan a la protecci\u00f3n,&#8230;<\/p>\n","protected":false},"author":2,"featured_media":8505,"comment_status":"open","ping_status":"open","sticky":false,"template":"","format":"standard","meta":{"footnotes":""},"categories":[3],"tags":[],"jetpack_sharing_enabled":true,"featured_image_urls":{"full":"","thumbnail":"","medium":"","medium_large":"","large":"","1536x1536":"","2048x2048":"","covernews-slider-full":"","covernews-slider-center":"","covernews-featured":"","covernews-medium":"","covernews-medium-square":""},"author_info":{"display_name":"Miguel","author_link":"https:\/\/contextoanalisisperiodistico.com\/index.php\/author\/editor\/"},"category_info":"<a href=\"https:\/\/contextoanalisisperiodistico.com\/index.php\/category\/ciudad\/\" rel=\"category tag\">Ciudad<\/a>","tag_info":"Ciudad","comment_count":"0","jetpack_featured_media_url":"","_links":{"self":[{"href":"https:\/\/contextoanalisisperiodistico.com\/index.php\/wp-json\/wp\/v2\/posts\/8504"}],"collection":[{"href":"https:\/\/contextoanalisisperiodistico.com\/index.php\/wp-json\/wp\/v2\/posts"}],"about":[{"href":"https:\/\/contextoanalisisperiodistico.com\/index.php\/wp-json\/wp\/v2\/types\/post"}],"author":[{"embeddable":true,"href":"https:\/\/contextoanalisisperiodistico.com\/index.php\/wp-json\/wp\/v2\/users\/2"}],"replies":[{"embeddable":true,"href":"https:\/\/contextoanalisisperiodistico.com\/index.php\/wp-json\/wp\/v2\/comments?post=8504"}],"version-history":[{"count":0,"href":"https:\/\/contextoanalisisperiodistico.com\/index.php\/wp-json\/wp\/v2\/posts\/8504\/revisions"}],"wp:featuredmedia":[{"embeddable":true,"href":"https:\/\/contextoanalisisperiodistico.com\/index.php\/wp-json\/"}],"wp:attachment":[{"href":"https:\/\/contextoanalisisperiodistico.com\/index.php\/wp-json\/wp\/v2\/media?parent=8504"}],"wp:term":[{"taxonomy":"category","embeddable":true,"href":"https:\/\/contextoanalisisperiodistico.com\/index.php\/wp-json\/wp\/v2\/categories?post=8504"},{"taxonomy":"post_tag","embeddable":true,"href":"https:\/\/contextoanalisisperiodistico.com\/index.php\/wp-json\/wp\/v2\/tags?post=8504"}],"curies":[{"name":"wp","href":"https:\/\/api.w.org\/{rel}","templated":true}]}}