{"id":8499,"date":"2023-02-14T17:21:48","date_gmt":"2023-02-14T23:21:48","guid":{"rendered":"http:\/\/contextoanalisisperiodistico.com.mx\/?p=8499"},"modified":"2023-02-14T17:21:48","modified_gmt":"2023-02-14T23:21:48","slug":"lamenta-gobernador-salomon-jara-enfrentamiento-en-amoltepec-exhorta-a-fgeo-iniciar-las-investigaciones","status":"publish","type":"post","link":"https:\/\/contextoanalisisperiodistico.com\/index.php\/2023\/02\/14\/lamenta-gobernador-salomon-jara-enfrentamiento-en-amoltepec-exhorta-a-fgeo-iniciar-las-investigaciones\/","title":{"rendered":"Lamenta Gobernador Salom\u00f3n Jara enfrentamiento en Amoltepec; exhorta a FGEO iniciar las investigaciones"},"content":{"rendered":"<div id=\"fb-root\"><\/div>\n\n<p>\u2022 Ordena a la SSPC implementar un operativo de seguridad en la zona<\/p>\n\n\n\n<p>Oaxaca de Ju\u00e1rez, Oax., 14 de febrero de 2023.- El Gobierno del Estado, que encabeza el Gobernador Salom\u00f3n Jara Cruz, lamenta los hechos ocurridos en el municipio de Santiago Amoltepec perteneciente a la Sierra Sur, inform\u00f3 el secretario de Gobierno, Jes\u00fas Romero L\u00f3pez.<\/p>\n\n\n\n<p>Se\u00f1al\u00f3 que se solicit\u00f3 a la Fiscal\u00eda General del Estado de Oaxaca (FGEO) inicie con las investigaciones correspondientes para dar con los responsables. Asimismo, se instruy\u00f3 a la Secretar\u00eda de Seguridad y Protecci\u00f3n Ciudadana (SSPC) implemente un operativo de seguridad y vigilancia en la zona para que se restablezca la paz y el orden.<\/p>\n\n\n\n<p>Expuso que de acuerdo a los primeros reportes, los hechos ocurrieron en el Palacio Municipal de Santiago Amoltepec, mientras se desarrollaba una reuni\u00f3n entre autoridades municipales de esa poblaci\u00f3n y autoridades municipales de Santiago Textitl\u00e1n.<\/p>\n\n\n\n<p>As\u00ed tambi\u00e9n, dijo, que dentro de las primeras versiones de los hechos, al lugar arrib\u00f3 un grupo de ciudadanos que portaban armas de fuego para agredir a quienes participaban en la asamblea, situaci\u00f3n que se est\u00e1 verificando por la autoridad.<\/p>\n\n\n\n<p>Se indica que en respuesta a la agresi\u00f3n, las personas que se encontraban en el Palacio Municipal respondieron al ataque, lo que dej\u00f3 como saldo algunos ciudadanos muertos.<\/p>\n\n\n\n<p>Record\u00f3 que este municipio tuvo una elecci\u00f3n pac\u00edfica y tranquila en sus tres rondas de asambleas, la toma de protesta de la nueva autoridad municipal se llev\u00f3 a cabo en un clima de paz y civilidad, la autoridad saliente entreg\u00f3 el poder municipal de manera pac\u00edfica.<\/p>\n\n\n\n<p>Dio a conocer que el Gobernador del Estado de Oaxaca, Salom\u00f3n Jara Cruz orden\u00f3 a la SSPC se coordine la Mesa de Seguridad estatal para implementar todas las acciones necesarias y se desarrollen las investigaciones pertinentes para dar con los responsables del ataque y ubicar el m\u00f3vil del enfrentamiento y se castigue a quienes causaron estos hechos il\u00edcitos en el que se registraron p\u00e9rdidas de vidas humanas.<\/p>\n\n\n\n<p>Indic\u00f3 que con relaci\u00f3n a las armas de grueso calibre, ser\u00e1 la Fiscal\u00eda General del Estado de Oaxaca quien inicie las investigaciones al respecto y si las personas que portaban dicho armamento son habitantes de Santiago Amoltepec o de otra comunidad y cu\u00e1l fue el m\u00f3vil de esta situaci\u00f3n.<\/p>\n\n\n\n<p>-0-<\/p>\n","protected":false},"excerpt":{"rendered":"<p>\u2022 Ordena a la SSPC implementar un operativo de seguridad en la zona Oaxaca de&#8230;<\/p>\n","protected":false},"author":2,"featured_media":8502,"comment_status":"open","ping_status":"open","sticky":false,"template":"","format":"standard","meta":{"footnotes":""},"categories":[9],"tags":[],"jetpack_sharing_enabled":true,"featured_image_urls":{"full":"","thumbnail":"","medium":"","medium_large":"","large":"","1536x1536":"","2048x2048":"","covernews-slider-full":"","covernews-slider-center":"","covernews-featured":"","covernews-medium":"","covernews-medium-square":""},"author_info":{"display_name":"Miguel","author_link":"https:\/\/contextoanalisisperiodistico.com\/index.php\/author\/editor\/"},"category_info":"<a href=\"https:\/\/contextoanalisisperiodistico.com\/index.php\/category\/politica\/\" rel=\"category tag\">Pol\u00edtica<\/a>","tag_info":"Pol\u00edtica","comment_count":"0","jetpack_featured_media_url":"","_links":{"self":[{"href":"https:\/\/contextoanalisisperiodistico.com\/index.php\/wp-json\/wp\/v2\/posts\/8499"}],"collection":[{"href":"https:\/\/contextoanalisisperiodistico.com\/index.php\/wp-json\/wp\/v2\/posts"}],"about":[{"href":"https:\/\/contextoanalisisperiodistico.com\/index.php\/wp-json\/wp\/v2\/types\/post"}],"author":[{"embeddable":true,"href":"https:\/\/contextoanalisisperiodistico.com\/index.php\/wp-json\/wp\/v2\/users\/2"}],"replies":[{"embeddable":true,"href":"https:\/\/contextoanalisisperiodistico.com\/index.php\/wp-json\/wp\/v2\/comments?post=8499"}],"version-history":[{"count":0,"href":"https:\/\/contextoanalisisperiodistico.com\/index.php\/wp-json\/wp\/v2\/posts\/8499\/revisions"}],"wp:featuredmedia":[{"embeddable":true,"href":"https:\/\/contextoanalisisperiodistico.com\/index.php\/wp-json\/"}],"wp:attachment":[{"href":"https:\/\/contextoanalisisperiodistico.com\/index.php\/wp-json\/wp\/v2\/media?parent=8499"}],"wp:term":[{"taxonomy":"category","embeddable":true,"href":"https:\/\/contextoanalisisperiodistico.com\/index.php\/wp-json\/wp\/v2\/categories?post=8499"},{"taxonomy":"post_tag","embeddable":true,"href":"https:\/\/contextoanalisisperiodistico.com\/index.php\/wp-json\/wp\/v2\/tags?post=8499"}],"curies":[{"name":"wp","href":"https:\/\/api.w.org\/{rel}","templated":true}]}}