{"id":8491,"date":"2023-02-14T17:16:01","date_gmt":"2023-02-14T23:16:01","guid":{"rendered":"http:\/\/contextoanalisisperiodistico.com.mx\/?p=8491"},"modified":"2023-02-14T17:16:01","modified_gmt":"2023-02-14T23:16:01","slug":"convoca-gobernador-del-estado-consolidar-sistema-cecyte-favorable-a-la-juventud-del-pais","status":"publish","type":"post","link":"https:\/\/contextoanalisisperiodistico.com\/index.php\/2023\/02\/14\/convoca-gobernador-del-estado-consolidar-sistema-cecyte-favorable-a-la-juventud-del-pais\/","title":{"rendered":"Convoca Gobernador del Estado consolidar sistema CECyTE favorable a la juventud del pa\u00eds"},"content":{"rendered":"<div id=\"fb-root\"><\/div>\n\n<p>\u2022 Salom\u00f3n Jara Cruz asisti\u00f3 a la Primera Reuni\u00f3n Nacional de Directoras y Directores Generales de este subsistema educativo de educaci\u00f3n media superior<\/p>\n\n\n\n<p>Oaxaca de Ju\u00e1rez, Oax., 14 de febrero de 2023.- El Gobernador del Estado de Oaxaca, Salom\u00f3n Jara Cruz convoc\u00f3 a directoras y directores del Colegio de Estudios Cient\u00edficos y Tecnol\u00f3gicos (CECyTE) de todo el pa\u00eds a consolidar este subsistema educativo y recuperar la confianza que depositan las madres y padres de familia en la instituci\u00f3n.<\/p>\n\n\n\n<p>Al asistir a la Primera Reuni\u00f3n Nacional de Directoras y Directores Generales de los CECyTEs 2023, el Mandatario oaxaque\u00f1o consider\u00f3 importante que se trabaje para devolver a las y los j\u00f3venes la oportunidad y el derecho de ingresar a un plantel de este subsistema y as\u00ed reciban una educaci\u00f3n integral, incluyente, con perspectiva de g\u00e9nero y promotora de la cultura de paz.<\/p>\n\n\n\n<p>Dijo que con un nuevo modelo de formaci\u00f3n y con honestidad se sembrar\u00e1 la semilla de un mejor futuro para todas y todos los j\u00f3venes del pa\u00eds.<\/p>\n\n\n\n<p>Destac\u00f3 que en el caso de Oaxaca, con el arranque de su gobierno se inici\u00f3 un nuevo ciclo para la instituci\u00f3n, que contempla la implementaci\u00f3n de acciones concretas que reviertan la baja de las cifras en la matr\u00edcula y recuperar, a quien por la pandemia u otra raz\u00f3n, se vio obligado al abandono y la deserci\u00f3n escolar.<\/p>\n\n\n\n<p>Ante la coordinadora de Organismos Descentralizados Estatales (ODE) del CECyTE, Roc\u00edo Serrano Barrios; de la directora general del CECyTE Oaxaca, Blanca Luz Mart\u00ednez Guzm\u00e1n, y de la secretaria de Educaci\u00f3n P\u00fablica en el estado, Delfina Elizabeth Guzm\u00e1n D\u00edaz, el titular del Poder Ejecutivo afirm\u00f3 que con el trabajo en conjunto se sumar\u00e1 y construir\u00e1 en unidad mayores y mejores condiciones de bienestar, \u201cese es el prop\u00f3sito de nuestro gobierno y debe ser prop\u00f3sito de todas y todos\u201d, refiri\u00f3.<\/p>\n\n\n\n<p>Reiter\u00f3 su respeto al personal de este subsistema y dijo que se mantiene un di\u00e1logo permanente con las instancias, con la finalidad de devolver lo que tanto a\u00f1oran las y los j\u00f3venes, ser excelentes profesionales, que en el futuro desempe\u00f1en el papel que les corresponde en el pa\u00eds.<\/p>\n\n\n\n<p>Dijo que ante la demanda de paz y seguridad que requiere el pa\u00eds, y en el que Oaxaca no es ajeno, su gobierno emprendi\u00f3 \u201clos semilleros de paz\u201d que tienen como objeto iniciar los procesos de paz en escuelas, en el campo, en la salud y en todas partes de la vida p\u00fablica.<\/p>\n\n\n\n<p>En tanto Roc\u00edo Serrano Barrios manifest\u00f3 la importancia de realizar reuniones de este tipo, ya que a trav\u00e9s del esfuerzo compartido y corresponsable, se pueden identificar aquellas acciones para concretar la formaci\u00f3n de mejores mexicanos.<\/p>\n\n\n\n<p>A esta actividad asistieron el secretario de las Culturas y Artes de Oaxaca, V\u00edctor Cata; el coordinador General de Educaci\u00f3n Media Superior y Superior, Ciencia y Tecnolog\u00eda, Alcide Garc\u00eda Guzm\u00e1n y la rectora de la Universidad Tecnol\u00f3gica de los Valles Centrales de Oaxaca (UTVCO), Tania L\u00f3pez L\u00f3pez, entre otras.<\/p>\n\n\n\n<p>-0-<\/p>\n\n\n\n<figure class=\"wp-block-image size-large\"><img decoding=\"async\" src=\"https:\/\/contextoinformacionyanalisisperiodistico.files.wordpress.com\/2023\/02\/img-20230214-wa0053945891327902678614.jpg?w=1024\" alt=\"\" class=\"wp-image-8494\" \/><\/figure>\n\n\n\n<figure class=\"wp-block-image\"><img decoding=\"async\" src=\"https:\/\/contextoinformacionyanalisisperiodistico.files.wordpress.com\/2023\/02\/img-20230214-wa00513481291150076053386.jpg?w=1024\" alt=\"\" class=\"wp-image-8496\" \/><\/figure>\n\n\n\n<figure class=\"wp-block-image\"><img decoding=\"async\" src=\"https:\/\/contextoinformacionyanalisisperiodistico.files.wordpress.com\/2023\/02\/img-20230214-wa00526297680748644728013.jpg?w=1024\" alt=\"\" class=\"wp-image-8495\" \/><\/figure>\n\n\n\n<figure class=\"wp-block-image\"><img decoding=\"async\" src=\"https:\/\/contextoinformacionyanalisisperiodistico.files.wordpress.com\/2023\/02\/img-20230214-wa00555051441213295086878.jpg?w=1024\" alt=\"\" class=\"wp-image-8497\" \/><\/figure>\n","protected":false},"excerpt":{"rendered":"<p>\u2022 Salom\u00f3n Jara Cruz asisti\u00f3 a la Primera Reuni\u00f3n Nacional de Directoras y Directores Generales&#8230;<\/p>\n","protected":false},"author":2,"featured_media":8493,"comment_status":"open","ping_status":"open","sticky":false,"template":"","format":"standard","meta":{"footnotes":""},"categories":[3],"tags":[],"jetpack_sharing_enabled":true,"featured_image_urls":{"full":"","thumbnail":"","medium":"","medium_large":"","large":"","1536x1536":"","2048x2048":"","covernews-slider-full":"","covernews-slider-center":"","covernews-featured":"","covernews-medium":"","covernews-medium-square":""},"author_info":{"display_name":"Miguel","author_link":"https:\/\/contextoanalisisperiodistico.com\/index.php\/author\/editor\/"},"category_info":"<a href=\"https:\/\/contextoanalisisperiodistico.com\/index.php\/category\/ciudad\/\" rel=\"category tag\">Ciudad<\/a>","tag_info":"Ciudad","comment_count":"0","jetpack_featured_media_url":"","_links":{"self":[{"href":"https:\/\/contextoanalisisperiodistico.com\/index.php\/wp-json\/wp\/v2\/posts\/8491"}],"collection":[{"href":"https:\/\/contextoanalisisperiodistico.com\/index.php\/wp-json\/wp\/v2\/posts"}],"about":[{"href":"https:\/\/contextoanalisisperiodistico.com\/index.php\/wp-json\/wp\/v2\/types\/post"}],"author":[{"embeddable":true,"href":"https:\/\/contextoanalisisperiodistico.com\/index.php\/wp-json\/wp\/v2\/users\/2"}],"replies":[{"embeddable":true,"href":"https:\/\/contextoanalisisperiodistico.com\/index.php\/wp-json\/wp\/v2\/comments?post=8491"}],"version-history":[{"count":0,"href":"https:\/\/contextoanalisisperiodistico.com\/index.php\/wp-json\/wp\/v2\/posts\/8491\/revisions"}],"wp:featuredmedia":[{"embeddable":true,"href":"https:\/\/contextoanalisisperiodistico.com\/index.php\/wp-json\/"}],"wp:attachment":[{"href":"https:\/\/contextoanalisisperiodistico.com\/index.php\/wp-json\/wp\/v2\/media?parent=8491"}],"wp:term":[{"taxonomy":"category","embeddable":true,"href":"https:\/\/contextoanalisisperiodistico.com\/index.php\/wp-json\/wp\/v2\/categories?post=8491"},{"taxonomy":"post_tag","embeddable":true,"href":"https:\/\/contextoanalisisperiodistico.com\/index.php\/wp-json\/wp\/v2\/tags?post=8491"}],"curies":[{"name":"wp","href":"https:\/\/api.w.org\/{rel}","templated":true}]}}