{"id":8445,"date":"2023-02-13T17:30:15","date_gmt":"2023-02-13T23:30:15","guid":{"rendered":"http:\/\/contextoanalisisperiodistico.com.mx\/?p=8445"},"modified":"2023-02-13T17:30:15","modified_gmt":"2023-02-13T23:30:15","slug":"shinzaburo-takeda-con-gran-amor-ha-retratado-complejidad-y-belleza-de-oaxaca-salomon-jara","status":"publish","type":"post","link":"https:\/\/contextoanalisisperiodistico.com\/index.php\/2023\/02\/13\/shinzaburo-takeda-con-gran-amor-ha-retratado-complejidad-y-belleza-de-oaxaca-salomon-jara\/","title":{"rendered":"Shinzaburo Takeda con gran amor ha retratado complejidad y belleza de Oaxaca: Salom\u00f3n Jara"},"content":{"rendered":"<div id=\"fb-root\"><\/div>\n\n<p>\u2022 El Gobernador del Estado encabez\u00f3 el homenaje por los 65 a\u00f1os de trayectoria de Shinzaburo Takeda<\/p>\n\n\n\n<p>\u2022 El majestuoso teatro Macedonio Alcal\u00e1 fue el escenario en el que las y los oaxaque\u00f1os le tributaron largos minutos de aplausos<\/p>\n\n\n\n<p>Oaxaca de Ju\u00e1rez, 13 de febrero de 2023.- El Gobernador del Estado Salom\u00f3n Jara Cruz afirm\u00f3 que la huella que ha dejado Shinzaburo Takeda como artista es gigantesca, \u201cha retratado con gran amor la complejidad y la belleza de las distintas realidades complementarias y contradictorias que conviven y coexisten en Oaxaca\u201d.<\/p>\n\n\n\n<p>Al encabezar la ceremonia de entrega de la medalla Shinzaburo Takeda, que instaur\u00f3 la Fundaci\u00f3n Salvador Flores Concha, el Gobernador destac\u00f3 que este homenaje es un reconocimiento a la gran trayectoria de un gran artista y, sobre todo de un gran ser humano.<\/p>\n\n\n\n<p>Jara Cruz se\u00f1al\u00f3 que las bellas tehuanas, las formas de los c\u00e1ntaros, el verdor de la naturaleza y las siluetas del entorno, son s\u00f3lo algunos de los elementos que remontan a la obra; pero su impacto como persona tambi\u00e9n ha sido estremecedor.<\/p>\n\n\n\n<p>\u201cEl t\u00edtulo de maestro no solo se le ha otorgado por su destreza, sino tambi\u00e9n porque ha sido uno de los grandes profesores de artistas oaxaque\u00f1os, por que ha impulsado a generaciones enteras de artistas. Detr\u00e1s de \u00e9l hay una gran historia. Ha compartido con los grandes maestros oaxaque\u00f1os su t\u00e9cnica; pero tambi\u00e9n sus consejos de vida\u201d.<\/p>\n\n\n\n<p>El majestuoso teatro Macedonio Alcal\u00e1 fue el escenario en el que las y los oaxaque\u00f1os le tributaron largos minutos de aplausos, donde se interpretaron y bailaron sones y jarabes de la Costa oaxaque\u00f1a, versos, y m\u00fasica de c\u00e1mara, donde el mariachi le cant\u00f3 las ma\u00f1anitas por sus 88 a\u00f1os de vida fruct\u00edfera y solidaria.<\/p>\n\n\n\n<p>Takeda ha formado una robusta y s\u00f3lida familia que comparte el amor por crear y por retratar la grandeza de Oaxaca, prueba de ello es que \u201choy contamos con la presencia de muchas y muchos de los m\u00e1s importantes artistas visuales de Oaxaca\u201d, destac\u00f3 el Ejecutivo estatal.<\/p>\n\n\n\n<p>Por casi 50 a\u00f1os, el maestro ha impulsado desde la Escuela de Bellas Artes de la Universidad Aut\u00f3noma Benito Ju\u00e1rez, la formaci\u00f3n del coraz\u00f3n pict\u00f3rico de nuestra tierra, ense\u00f1ando gr\u00e1fica y pintura, \u201ccuando el maestro Takeda lleg\u00f3 a M\u00e9xico desde Jap\u00f3n, al poco tiempo qued\u00f3 enamorado del colorido m\u00edstico de Oaxaca\u201d.<\/p>\n\n\n\n<p>El artista dedic\u00f3 sus esfuerzos a encontrar talentos ocultos en almas oaxaque\u00f1as que hab\u00edan nacido para crear arte. Impulsaba el talento de j\u00f3venes de diversas comunidades ind\u00edgenas, quienes encontraron en \u00e9l a un gu\u00eda para convertirse en artistas profesionales sin tener que salir de Oaxaca.<\/p>\n\n\n\n<p>\u201cYa no es requisito indispensable formarse en Par\u00eds, Londres, Mil\u00e1n o Nueva York. A \u00e9l le debemos gran parte del discurso cultural que innegablemente est\u00e1 emergiendo desde el coraz\u00f3n de Oaxaca y nos est\u00e1 posicionando como el coraz\u00f3n cultural de M\u00e9xico, un coraz\u00f3n que palpita por el arte y especialmente por las artes gr\u00e1ficas\u201d, indic\u00f3.<\/p>\n\n\n\n<p>En su intervenci\u00f3n, el rector de la Universidad Aut\u00f3noma \u201cBenito Ju\u00e1rez\u201d de Oaxaca, Cristian Eder Carre\u00f1o L\u00f3pez destac\u00f3 que la entrega de la medalla al M\u00e9rito Art\u00edstico Shinzaburo Takeda, ser\u00e1 un digno reconocimiento a las y los artistas de Oaxaca. Destac\u00f3 los 45 a\u00f1os que el artista ha dedicado a la formaci\u00f3n de j\u00f3venes que se han convertido en un importante valor del estado.<\/p>\n\n\n\n<p>Destac\u00f3 que, el artista ha apoyado las expresiones de las ra\u00edces ind\u00edgenas de alumnas y alumnos de Bellas Artes, y su trabajo ha trascendido reflejando la realidad de Oaxaca y lo sagrado.<\/p>\n\n\n\n<p>En la ceremonia de reconocimiento estuvieron tambi\u00e9n: el empresario Salvador Flores Concha, presidente de la Fundaci\u00f3n que lleva su nombre; la titular del Instituto Nacional de Bellas Artes y Literatura (INBAL), Lucina Jim\u00e9nez; el presidente municipal de Oaxaca de Ju\u00e1rez, Francisco Mart\u00ednez Neri; la historiadora Mar\u00eda Isabel Gra\u00f1en Porr\u00faa y el empresario Alfredo Harp Hel\u00fa.<\/p>\n\n\n\n<p>En el espl\u00e9ndido teatro se reunieron artistas, escritores e intelectuales oaxaque\u00f1os, as\u00ed como rectores de algunas universidades, galeristas y maestros universitarios, estudiantes y amigos del gran artista oaxaque\u00f1o y japon\u00e9s, Shinzaburo Takeda.<\/p>\n\n\n\n<p>-0-<\/p>\n\n\n\n<figure class=\"wp-block-image size-large\"><img decoding=\"async\" src=\"https:\/\/contextoinformacionyanalisisperiodistico.files.wordpress.com\/2023\/02\/img-20230213-wa00837805737752716966093.jpg?w=1024\" alt=\"\" class=\"wp-image-8448\" \/><\/figure>\n\n\n\n<figure class=\"wp-block-image\"><img decoding=\"async\" src=\"https:\/\/contextoinformacionyanalisisperiodistico.files.wordpress.com\/2023\/02\/img-20230213-wa00844755605081350225218.jpg?w=1024\" alt=\"\" class=\"wp-image-8450\" \/><\/figure>\n\n\n\n<figure class=\"wp-block-image\"><img decoding=\"async\" src=\"https:\/\/contextoinformacionyanalisisperiodistico.files.wordpress.com\/2023\/02\/img-20230213-wa00826290095295747511182.jpg?w=1024\" alt=\"\" class=\"wp-image-8449\" \/><\/figure>\n\n\n\n<figure class=\"wp-block-image\"><img decoding=\"async\" src=\"https:\/\/contextoinformacionyanalisisperiodistico.files.wordpress.com\/2023\/02\/img-20230213-wa00857954334202839294308.jpg?w=1024\" alt=\"\" class=\"wp-image-8451\" \/><\/figure>\n","protected":false},"excerpt":{"rendered":"<p>\u2022 El Gobernador del Estado encabez\u00f3 el homenaje por los 65 a\u00f1os de trayectoria de&#8230;<\/p>\n","protected":false},"author":2,"featured_media":8447,"comment_status":"open","ping_status":"open","sticky":false,"template":"","format":"standard","meta":{"footnotes":""},"categories":[4],"tags":[],"jetpack_sharing_enabled":true,"featured_image_urls":{"full":"","thumbnail":"","medium":"","medium_large":"","large":"","1536x1536":"","2048x2048":"","covernews-slider-full":"","covernews-slider-center":"","covernews-featured":"","covernews-medium":"","covernews-medium-square":""},"author_info":{"display_name":"Miguel","author_link":"https:\/\/contextoanalisisperiodistico.com\/index.php\/author\/editor\/"},"category_info":"<a href=\"https:\/\/contextoanalisisperiodistico.com\/index.php\/category\/cultura\/\" rel=\"category tag\">Cultura<\/a>","tag_info":"Cultura","comment_count":"0","jetpack_featured_media_url":"","_links":{"self":[{"href":"https:\/\/contextoanalisisperiodistico.com\/index.php\/wp-json\/wp\/v2\/posts\/8445"}],"collection":[{"href":"https:\/\/contextoanalisisperiodistico.com\/index.php\/wp-json\/wp\/v2\/posts"}],"about":[{"href":"https:\/\/contextoanalisisperiodistico.com\/index.php\/wp-json\/wp\/v2\/types\/post"}],"author":[{"embeddable":true,"href":"https:\/\/contextoanalisisperiodistico.com\/index.php\/wp-json\/wp\/v2\/users\/2"}],"replies":[{"embeddable":true,"href":"https:\/\/contextoanalisisperiodistico.com\/index.php\/wp-json\/wp\/v2\/comments?post=8445"}],"version-history":[{"count":0,"href":"https:\/\/contextoanalisisperiodistico.com\/index.php\/wp-json\/wp\/v2\/posts\/8445\/revisions"}],"wp:featuredmedia":[{"embeddable":true,"href":"https:\/\/contextoanalisisperiodistico.com\/index.php\/wp-json\/"}],"wp:attachment":[{"href":"https:\/\/contextoanalisisperiodistico.com\/index.php\/wp-json\/wp\/v2\/media?parent=8445"}],"wp:term":[{"taxonomy":"category","embeddable":true,"href":"https:\/\/contextoanalisisperiodistico.com\/index.php\/wp-json\/wp\/v2\/categories?post=8445"},{"taxonomy":"post_tag","embeddable":true,"href":"https:\/\/contextoanalisisperiodistico.com\/index.php\/wp-json\/wp\/v2\/tags?post=8445"}],"curies":[{"name":"wp","href":"https:\/\/api.w.org\/{rel}","templated":true}]}}