{"id":8440,"date":"2023-02-13T17:05:35","date_gmt":"2023-02-13T23:05:35","guid":{"rendered":"http:\/\/contextoanalisisperiodistico.com.mx\/?p=8440"},"modified":"2023-02-13T17:05:35","modified_gmt":"2023-02-13T23:05:35","slug":"cientificos-del-conacyt-fortaleceran-la-gestion-de-los-residuos-solidos-urbanos-de-la-capital","status":"publish","type":"post","link":"https:\/\/contextoanalisisperiodistico.com\/index.php\/2023\/02\/13\/cientificos-del-conacyt-fortaleceran-la-gestion-de-los-residuos-solidos-urbanos-de-la-capital\/","title":{"rendered":"Cient\u00edficos del CONACyT fortalecer\u00e1n la gesti\u00f3n de los Residuos S\u00f3lidos Urbanos de la capital"},"content":{"rendered":"<div id=\"fb-root\"><\/div>\n\n<p>*Fue un compromiso del presidente de M\u00e9xico, Andr\u00e9s Manuel L\u00f3pez Obrador con el mun\u00edcipe de Oaxaca de Ju\u00e1rez, Francisco Mart\u00ednez Neri.<\/p>\n\n\n\n<p>*Esta primera visita a la capital es el inicio de la coordinaci\u00f3n interinstitucional, la cual llevar\u00e1 a la firma posterior de un convenio con el Ayuntamiento citadino.<\/p>\n\n\n\n<p>Como resultado de las gestiones realizadas por el presidente municipal de Oaxaca de Ju\u00e1rez, Francisco Mart\u00ednez Neri, con el presidente de M\u00e9xico, Andr\u00e9s Manuel L\u00f3pez Obrador, un equipo de cient\u00edficos de alto nivel, encabezados por Arturo Garc\u00eda Barrios, se reunieron hoy con el primer concejal para conocer la estrategia de manejo de los Residuos S\u00f3lidos Urbanos aplicada en el municipio capitalino.<\/p>\n\n\n\n<p>El edil capitalino sostuvo una reuni\u00f3n con el mandatario nacional, durante la gira de trabajo que realizaba por la Sierra Sur, el pasado 15 de enero.<br \/>Esta reuni\u00f3n cont\u00f3 con el apoyo del gobernador del estado, Salom\u00f3n Jara Cruz.<\/p>\n\n\n\n<p>Derivado de ese encuentro, especialistas en la materia realizar\u00e1n un recorrido por los lugares en los que se trata a los RSU de Oaxaca de Ju\u00e1rez para valorar cient\u00edficamente lo que se hace al respecto.<\/p>\n\n\n\n<p>Lo anterior ser\u00e1 el marco de referencia para la firma posterior de un convenio con esta instituci\u00f3n nacional de reconocido nivel profesional en el campo de la investigaci\u00f3n y, de esta manera, lograr el apoyo de la comunidad cient\u00edfica.<\/p>\n\n\n\n<figure class=\"wp-block-image size-large\"><img decoding=\"async\" src=\"https:\/\/contextoinformacionyanalisisperiodistico.files.wordpress.com\/2023\/02\/img-20230213-wa00808805235131592322674.jpg?w=1024\" alt=\"\" class=\"wp-image-8442\" \/><\/figure>\n\n\n\n<figure class=\"wp-block-image\"><img decoding=\"async\" src=\"https:\/\/contextoinformacionyanalisisperiodistico.files.wordpress.com\/2023\/02\/img-20230213-wa00795910851271224415468.jpg?w=1024\" alt=\"\" class=\"wp-image-8443\" \/><\/figure>\n","protected":false},"excerpt":{"rendered":"<p>*Fue un compromiso del presidente de M\u00e9xico, Andr\u00e9s Manuel L\u00f3pez Obrador con el mun\u00edcipe de&#8230;<\/p>\n","protected":false},"author":2,"featured_media":8441,"comment_status":"open","ping_status":"open","sticky":false,"template":"","format":"standard","meta":{"footnotes":""},"categories":[3],"tags":[],"jetpack_sharing_enabled":true,"featured_image_urls":{"full":"","thumbnail":"","medium":"","medium_large":"","large":"","1536x1536":"","2048x2048":"","covernews-slider-full":"","covernews-slider-center":"","covernews-featured":"","covernews-medium":"","covernews-medium-square":""},"author_info":{"display_name":"Miguel","author_link":"https:\/\/contextoanalisisperiodistico.com\/index.php\/author\/editor\/"},"category_info":"<a href=\"https:\/\/contextoanalisisperiodistico.com\/index.php\/category\/ciudad\/\" rel=\"category tag\">Ciudad<\/a>","tag_info":"Ciudad","comment_count":"0","jetpack_featured_media_url":"","_links":{"self":[{"href":"https:\/\/contextoanalisisperiodistico.com\/index.php\/wp-json\/wp\/v2\/posts\/8440"}],"collection":[{"href":"https:\/\/contextoanalisisperiodistico.com\/index.php\/wp-json\/wp\/v2\/posts"}],"about":[{"href":"https:\/\/contextoanalisisperiodistico.com\/index.php\/wp-json\/wp\/v2\/types\/post"}],"author":[{"embeddable":true,"href":"https:\/\/contextoanalisisperiodistico.com\/index.php\/wp-json\/wp\/v2\/users\/2"}],"replies":[{"embeddable":true,"href":"https:\/\/contextoanalisisperiodistico.com\/index.php\/wp-json\/wp\/v2\/comments?post=8440"}],"version-history":[{"count":0,"href":"https:\/\/contextoanalisisperiodistico.com\/index.php\/wp-json\/wp\/v2\/posts\/8440\/revisions"}],"wp:featuredmedia":[{"embeddable":true,"href":"https:\/\/contextoanalisisperiodistico.com\/index.php\/wp-json\/"}],"wp:attachment":[{"href":"https:\/\/contextoanalisisperiodistico.com\/index.php\/wp-json\/wp\/v2\/media?parent=8440"}],"wp:term":[{"taxonomy":"category","embeddable":true,"href":"https:\/\/contextoanalisisperiodistico.com\/index.php\/wp-json\/wp\/v2\/categories?post=8440"},{"taxonomy":"post_tag","embeddable":true,"href":"https:\/\/contextoanalisisperiodistico.com\/index.php\/wp-json\/wp\/v2\/tags?post=8440"}],"curies":[{"name":"wp","href":"https:\/\/api.w.org\/{rel}","templated":true}]}}