{"id":8433,"date":"2023-02-13T15:44:54","date_gmt":"2023-02-13T21:44:54","guid":{"rendered":"http:\/\/contextoanalisisperiodistico.com.mx\/?p=8433"},"modified":"2023-03-07T02:05:33","modified_gmt":"2023-03-07T08:05:33","slug":"mas-de-142-mil-derechohabientes-unieron-sus-creditos-infonavit","status":"publish","type":"post","link":"https:\/\/contextoanalisisperiodistico.com\/index.php\/2023\/02\/13\/mas-de-142-mil-derechohabientes-unieron-sus-creditos-infonavit\/","title":{"rendered":"M\u00e1s de 142 mil derechohabientes unieron sus cr\u00e9ditos Infonavit"},"content":{"rendered":"<div id=\"fb-root\"><\/div>\n\n<p>&nbsp;\u25a0<strong>Esto representa una derrama de m\u00e1s de 52 mil 392 millones de pesos<\/strong><\/p>\n\n\n\n<p>&nbsp;<\/p>\n\n\n\n<p>Desde el lanzamiento de Unamos Cr\u00e9ditos en 2020, hasta el 5 de febrero de este a\u00f1o, el Instituto del Fondo Nacional para la Vivienda de los Trabajadores (Infonavit) otorg\u00f3 142 mil 626 financiamientos a personas derechohabientes que juntaron el monto de sus cr\u00e9ditos para comprar casa o departamento.<\/p>\n\n\n\n<p>&nbsp;<\/p>\n\n\n\n<p>Lo anterior representa una derrama por parte del Instituto de m\u00e1s de 52 mil 392 millones de pesos.<\/p>\n\n\n\n<p>&nbsp;<\/p>\n\n\n\n<p><strong>Del total de cr\u00e9ditos otorgados:<\/strong><\/p>\n\n\n\n<p><strong>&nbsp;<\/strong><\/p>\n\n\n\n<ul>\n<li>42 mil 318 se unieron entre familiares.<\/li>\n\n\n\n<li>100 mil 308 fueron corresidenciales.<\/li>\n<\/ul>\n\n\n\n<p><strong>&nbsp;<\/strong><\/p>\n\n\n\n<p>Mientras que, por estados, 49.3% de los cr\u00e9ditos se ubicaron en las siguientes seis entidades:<\/p>\n\n\n\n<p>&nbsp;<\/p>\n\n\n\n<ul>\n<li>Chihuahua, con 12 mil 582 cr\u00e9ditos.<\/li>\n\n\n\n<li>Estado de M\u00e9xico, con 12 mil 510 cr\u00e9ditos.<\/li>\n\n\n\n<li>Nuevo Le\u00f3n, con 12 mil 068 cr\u00e9ditos.<\/li>\n\n\n\n<li>Baja California, con 11 mil 806 cr\u00e9ditos.<\/li>\n\n\n\n<li>Quintana Roo 10 mil 810 cr\u00e9ditos<\/li>\n\n\n\n<li>Jalisco 10 mil 562 cr\u00e9ditos.<\/li>\n<\/ul>\n\n\n\n<p><strong>&nbsp;<\/strong><\/p>\n\n\n\n<p><strong>Beneficios para las y los derechohabientes con Unamos Cr\u00e9ditos:<\/strong><\/p>\n\n\n\n<p><strong>&nbsp;<\/strong><\/p>\n\n\n\n<ul>\n<li>Unir sus cr\u00e9ditos con hermanos, padres, amigos, parejas en uni\u00f3n libre o del mismo sexo, sin la necesidad de estar casados.<\/li>\n\n\n\n<li>Obtener un monto de financiamiento de hasta 4 millones 671 mil 885 pesos.<\/li>\n\n\n\n<li>Tasa de inter\u00e9s fija de 3.3% (para quienes ganan un salario m\u00ednimo) a 10.45%, dependiendo su nivel de ingreso.<\/li>\n\n\n\n<li>Seguro de vida y Fondo de Protecci\u00f3n de Pagos, lo cual les dar\u00e1 mayor tranquilidad en el plazo que dure su deuda.<\/li>\n\n\n\n<li>Seguro de da\u00f1os.<\/li>\n<\/ul>\n\n\n\n<p>&nbsp;<\/p>\n\n\n\n<p>&nbsp;<\/p>\n\n\n\n<p>&nbsp;Para poder unir sus cr\u00e9ditos, las y los derechohabientes deben tener un empleo formal vigente y cotizar ante el Instituto, contar con los puntos necesarios para solicitar su cr\u00e9dito y realizar el curso en l\u00ednea Saber M\u00e1s Para Decidir Mejor en Mi Cuenta Infonavit.<\/p>\n\n\n\n<p>&nbsp;<\/p>\n\n\n\n<p><strong>Conoce todo lo que necesitas saber sobre cr\u00e9ditos, tr\u00e1mites y servicios del Infonavit, de manera sencilla y clara en infonavitfacil.mx.&nbsp;<\/strong><\/p>\n\n\n\n<p><strong>&nbsp;<\/strong><\/p>\n\n\n\n<p><strong>Infonavit es una instituci\u00f3n de seguridad social del Estado, que tiene como objetivo otorgar cr\u00e9dito barato y suficiente para que las y los trabajadores puedan acceder a una vivienda adecuada y formar un patrimonio. Desde su creaci\u00f3n en 1972 a la fecha, el organismo ha colocado m\u00e1s de 12 millones de cr\u00e9ditos.<\/strong><\/p>\n\n\n\n<p><strong>&nbsp;<\/strong><\/p>\n\n\n\n<p>***<\/p>\n\n\n\n<p><strong>&nbsp;&nbsp;&nbsp;&nbsp;&nbsp;&nbsp;&nbsp;&nbsp;&nbsp;&nbsp;&nbsp;&nbsp;<\/strong><\/p>\n\n\n\n<figure class=\"wp-block-image size-large\"><img decoding=\"async\" src=\"https:\/\/contextoinformacionyanalisisperiodistico.files.wordpress.com\/2023\/02\/foto03infonavit-unamoscrc3a9ditos130420231603049724599318162..jpg?w=1024\" alt=\"\" class=\"wp-image-8437\"\/><\/figure>\n\n\n\n<figure class=\"wp-block-image\"><img decoding=\"async\" src=\"https:\/\/contextoinformacionyanalisisperiodistico.files.wordpress.com\/2023\/02\/foto02infonavit-unamoscrc3a9ditos130220239059119747790448911..jpg?w=1024\" alt=\"\" class=\"wp-image-8438\"\/><\/figure>\n","protected":false},"excerpt":{"rendered":"<p>&nbsp;\u25a0Esto representa una derrama de m\u00e1s de 52 mil 392 millones de pesos &nbsp; Desde&#8230;<\/p>\n","protected":false},"author":2,"featured_media":0,"comment_status":"open","ping_status":"open","sticky":false,"template":"","format":"standard","meta":{"footnotes":""},"categories":[3,6],"tags":[],"jetpack_sharing_enabled":true,"featured_image_urls":{"full":"","thumbnail":"","medium":"","medium_large":"","large":"","1536x1536":"","2048x2048":"","covernews-slider-full":"","covernews-slider-center":"","covernews-featured":"","covernews-medium":"","covernews-medium-square":""},"author_info":{"display_name":"Miguel","author_link":"https:\/\/contextoanalisisperiodistico.com\/index.php\/author\/editor\/"},"category_info":"<a href=\"https:\/\/contextoanalisisperiodistico.com\/index.php\/category\/ciudad\/\" rel=\"category tag\">Ciudad<\/a> <a href=\"https:\/\/contextoanalisisperiodistico.com\/index.php\/category\/legislatura\/\" rel=\"category tag\">Legislatura<\/a>","tag_info":"Legislatura","comment_count":"0","jetpack_featured_media_url":"","_links":{"self":[{"href":"https:\/\/contextoanalisisperiodistico.com\/index.php\/wp-json\/wp\/v2\/posts\/8433"}],"collection":[{"href":"https:\/\/contextoanalisisperiodistico.com\/index.php\/wp-json\/wp\/v2\/posts"}],"about":[{"href":"https:\/\/contextoanalisisperiodistico.com\/index.php\/wp-json\/wp\/v2\/types\/post"}],"author":[{"embeddable":true,"href":"https:\/\/contextoanalisisperiodistico.com\/index.php\/wp-json\/wp\/v2\/users\/2"}],"replies":[{"embeddable":true,"href":"https:\/\/contextoanalisisperiodistico.com\/index.php\/wp-json\/wp\/v2\/comments?post=8433"}],"version-history":[{"count":1,"href":"https:\/\/contextoanalisisperiodistico.com\/index.php\/wp-json\/wp\/v2\/posts\/8433\/revisions"}],"predecessor-version":[{"id":9878,"href":"https:\/\/contextoanalisisperiodistico.com\/index.php\/wp-json\/wp\/v2\/posts\/8433\/revisions\/9878"}],"wp:attachment":[{"href":"https:\/\/contextoanalisisperiodistico.com\/index.php\/wp-json\/wp\/v2\/media?parent=8433"}],"wp:term":[{"taxonomy":"category","embeddable":true,"href":"https:\/\/contextoanalisisperiodistico.com\/index.php\/wp-json\/wp\/v2\/categories?post=8433"},{"taxonomy":"post_tag","embeddable":true,"href":"https:\/\/contextoanalisisperiodistico.com\/index.php\/wp-json\/wp\/v2\/tags?post=8433"}],"curies":[{"name":"wp","href":"https:\/\/api.w.org\/{rel}","templated":true}]}}