{"id":8401,"date":"2023-02-13T10:05:22","date_gmt":"2023-02-13T16:05:22","guid":{"rendered":"http:\/\/contextoanalisisperiodistico.com.mx\/?p=8401"},"modified":"2023-03-07T02:07:09","modified_gmt":"2023-03-07T08:07:09","slug":"oaxaca-avanza-porque-las-mujeres-estan-participando-en-politica-diputado-luis-alfonso-silva-romo","status":"publish","type":"post","link":"https:\/\/contextoanalisisperiodistico.com\/index.php\/2023\/02\/13\/oaxaca-avanza-porque-las-mujeres-estan-participando-en-politica-diputado-luis-alfonso-silva-romo\/","title":{"rendered":"Oaxaca avanza porque las mujeres est\u00e1n participando en pol\u00edtica: Diputado Luis Alfonso Silva Romo"},"content":{"rendered":"<div id=\"fb-root\"><\/div>\n\n<p><strong>Oaxaca de Ju\u00e1rez, Oax. 12 de febrero de 2023.-&nbsp;<\/strong>Al participar en el primer encuentro estatal de presidentas y s\u00edndicas de municipios de Sistemas Normativos Ind\u00edgenas, el diputado Luis Alfonso Silva Romo destac\u00f3 que en Oaxaca se ha y sigue avanzando en materia de participaci\u00f3n pol\u00edtica de las mujeres.<\/p>\n\n\n\n<p>&nbsp;<\/p>\n\n\n\n<p>Reconoci\u00f3 el papel protag\u00f3nico de la mujer en las comunidades y en la sociedad, destacando que en Oaxaca se trabaja para promover a\u00fan m\u00e1s su participaci\u00f3n, respetando el derecho a la autodeterminaci\u00f3n de los pueblos oaxaque\u00f1os.<\/p>\n\n\n\n<p>&nbsp;<\/p>\n\n\n\n<p>\u00abSin duda, en Oaxaca estamos avanzando con este nuevo pacto social. Tenemos que luchar por equilibrar dos derechos muy importantes: primero, el derecho de la mujer a participar pol\u00edticamente y, segundo, el derecho de los pueblos ind\u00edgenas a ser reconocidos en su autodeterminaci\u00f3n\u00bb, manifest\u00f3.<\/p>\n\n\n\n<p>&nbsp;<\/p>\n\n\n\n<p>Al foro organizado por el Instituto Estatal Electoral y de Participaci\u00f3n Ciudadana de Oaxaca (IEEPCO) en coordinaci\u00f3n con los gobiernos estatal y federal. Asistieron tambi\u00e9n la diputada Miriam de los \u00c1ngeles V\u00e1zquez Ruiz, presidenta de la Mesa Directiva de la 65 Legislatura local; y la legisladora Mariana Ben\u00edtez Tiburcio, presidenta de la Comisi\u00f3n Permanente de Mujeres e Igualdad de G\u00e9nero.<\/p>\n\n\n\n<p>&nbsp;<\/p>\n\n\n\n<p>En la inauguraci\u00f3n del foro &nbsp;tambi\u00e9n hicieron acto de presencia 99 mujeres, 70 de las cuales son presidentas municipales elegidas en 2022 durante los procesos de elecci\u00f3n de los municipios regidos por Sistemas Normativos Ind\u00edgenas.<\/p>\n\n\n\n<figure class=\"wp-block-image size-large\"><img decoding=\"async\" src=\"https:\/\/contextoinformacionyanalisisperiodistico.files.wordpress.com\/2023\/02\/foto2-oaxacaavanzaporquelasmujeresparticipan279434381846452878..jpg?w=1024\" alt=\"\" class=\"wp-image-8404\"\/><\/figure>\n\n\n\n<figure class=\"wp-block-image\"><img decoding=\"async\" src=\"https:\/\/contextoinformacionyanalisisperiodistico.files.wordpress.com\/2023\/02\/foto3-oaxacaavanzaporquelasmujeresparticipan6429962925268820116..jpg?w=1024\" alt=\"\" class=\"wp-image-8405\"\/><\/figure>\n","protected":false},"excerpt":{"rendered":"<p>Oaxaca de Ju\u00e1rez, Oax. 12 de febrero de 2023.-&nbsp;Al participar en el primer encuentro estatal&#8230;<\/p>\n","protected":false},"author":2,"featured_media":0,"comment_status":"open","ping_status":"open","sticky":false,"template":"","format":"standard","meta":{"footnotes":""},"categories":[6],"tags":[],"jetpack_sharing_enabled":true,"featured_image_urls":{"full":"","thumbnail":"","medium":"","medium_large":"","large":"","1536x1536":"","2048x2048":"","covernews-slider-full":"","covernews-slider-center":"","covernews-featured":"","covernews-medium":"","covernews-medium-square":""},"author_info":{"display_name":"Miguel","author_link":"https:\/\/contextoanalisisperiodistico.com\/index.php\/author\/editor\/"},"category_info":"<a href=\"https:\/\/contextoanalisisperiodistico.com\/index.php\/category\/legislatura\/\" rel=\"category tag\">Legislatura<\/a>","tag_info":"Legislatura","comment_count":"0","jetpack_featured_media_url":"","_links":{"self":[{"href":"https:\/\/contextoanalisisperiodistico.com\/index.php\/wp-json\/wp\/v2\/posts\/8401"}],"collection":[{"href":"https:\/\/contextoanalisisperiodistico.com\/index.php\/wp-json\/wp\/v2\/posts"}],"about":[{"href":"https:\/\/contextoanalisisperiodistico.com\/index.php\/wp-json\/wp\/v2\/types\/post"}],"author":[{"embeddable":true,"href":"https:\/\/contextoanalisisperiodistico.com\/index.php\/wp-json\/wp\/v2\/users\/2"}],"replies":[{"embeddable":true,"href":"https:\/\/contextoanalisisperiodistico.com\/index.php\/wp-json\/wp\/v2\/comments?post=8401"}],"version-history":[{"count":1,"href":"https:\/\/contextoanalisisperiodistico.com\/index.php\/wp-json\/wp\/v2\/posts\/8401\/revisions"}],"predecessor-version":[{"id":9880,"href":"https:\/\/contextoanalisisperiodistico.com\/index.php\/wp-json\/wp\/v2\/posts\/8401\/revisions\/9880"}],"wp:attachment":[{"href":"https:\/\/contextoanalisisperiodistico.com\/index.php\/wp-json\/wp\/v2\/media?parent=8401"}],"wp:term":[{"taxonomy":"category","embeddable":true,"href":"https:\/\/contextoanalisisperiodistico.com\/index.php\/wp-json\/wp\/v2\/categories?post=8401"},{"taxonomy":"post_tag","embeddable":true,"href":"https:\/\/contextoanalisisperiodistico.com\/index.php\/wp-json\/wp\/v2\/tags?post=8401"}],"curies":[{"name":"wp","href":"https:\/\/api.w.org\/{rel}","templated":true}]}}