{"id":8301,"date":"2023-02-11T21:15:57","date_gmt":"2023-02-12T03:15:57","guid":{"rendered":"http:\/\/contextoanalisisperiodistico.com.mx\/?p=8301"},"modified":"2023-02-11T21:15:57","modified_gmt":"2023-02-12T03:15:57","slug":"vamos-a-trabajar-incansablemente-por-sacar-adelante-a-nuestros-pueblos-salomon-jara","status":"publish","type":"post","link":"https:\/\/contextoanalisisperiodistico.com\/index.php\/2023\/02\/11\/vamos-a-trabajar-incansablemente-por-sacar-adelante-a-nuestros-pueblos-salomon-jara\/","title":{"rendered":"Vamos a trabajar incansablemente por sacar adelante a nuestros pueblos: Salom\u00f3n Jara"},"content":{"rendered":"<div id=\"fb-root\"><\/div>\n\n<p>\u2022 En asambleas evaluativas, el Gobernador de Oaxaca contin\u00faa conociendo las obras realizadas con los recursos destinados por la federaci\u00f3n tras el paso del hurac\u00e1n Agatha<\/p>\n\n\n\n<p>\u2022 Destac\u00f3 la implementaci\u00f3n del tequio, que ha permitido incrementar las metas de las obras de infraestructura realizadas<\/p>\n\n\n\n<p>Regi\u00f3n Costa, Oax. 11 de febrero de 2023. \u201cVamos a trabajar como lo hace el Presidente Andr\u00e9s Manuel L\u00f3pez Obrador, vamos a trabajar incansablemente por sacar a nuestros pueblos adelante\u00bb, afirm\u00f3 el Gobernador de Oaxaca, Salom\u00f3n Jara Cruz, al encabezar las asambleas evaluativas del Plan de Apoyo a personas afectadas por el hurac\u00e1n Agatha para conocer las acciones desarrolladas en los 31 municipios afectados por este fen\u00f3meno en mayo del a\u00f1o pasado.<\/p>\n\n\n\n<p>En su tercer d\u00eda de gira de trabajo por la regi\u00f3n de la Costa, el titular del Poder Ejecutivo recorri\u00f3 los municipios de San Pedro Mixtepec, Santa Mar\u00eda Colotepec, Santo Domingo de Morelos y Santa Mar\u00eda Tonameca, para conocer el destino de los mil 200 millones de pesos entregados por la federaci\u00f3n para subsanar la infraestructura da\u00f1ada.<\/p>\n\n\n\n<p>Salom\u00f3n Jara Cruz expres\u00f3 que a 73 d\u00edas de iniciar su mandato, su gobierno trabaja para generar bienestar en las comunidades y apoyar a los pueblos; por eso estos recorridos de evaluaci\u00f3n tienen el objetivo de constatar las obras realizadas con el apoyo destinado por el Gobierno de M\u00e9xico y atender lo que est\u00e1 pendiente o requiere mayor apoyo.<\/p>\n\n\n\n<p>\u00abFormo parte de este proyecto que encabeza el Presidente Andr\u00e9s Manuel L\u00f3pez Obrador, un proyecto hist\u00f3rico y de transformaci\u00f3n que queremos que llegue a todas las comunidades, para que haya trabajo, empleos, obras, desarrollo y bienestar para todas y todos. Ese es el objetivo y vamos trabajar arduamente para que esto ocurra\u00bb, dijo.<\/p>\n\n\n\n<p>En esta gira de trabajo que cont\u00f3 tambi\u00e9n con la presencia del coordinador general de los programas Bienestar, Jes\u00fas Valencia Guzm\u00e1n, quien asisti\u00f3 en representaci\u00f3n de la secretaria de Bienestar del Gobierno de M\u00e9xico, Ariadna Montiel, se dio a conocer que a partir del 15 de febrero, los 31 municipios beneficiados con los recursos ser\u00e1n auditados por la Secretar\u00eda de la Funci\u00f3n P\u00fablica (SFP) y posteriormente por la Auditor\u00eda Superior de la Federaci\u00f3n (ASF), para conocer el destino de cada peso de la federaci\u00f3n.<\/p>\n\n\n\n<p>Destaca Salom\u00f3n Jara implementaci\u00f3n del tequio en las obras de infraestructura realizadas<\/p>\n\n\n\n<p>En San Pedro Mixtepec, el presidente municipal, Javier Cruz Jim\u00e9nez, expres\u00f3 que los 20 millones con que fue beneficiado su municipio, se emplearon en la primera etapa de la pavimentaci\u00f3n con concreto hidr\u00e1ulico del camino El Comoncito &#8211; El Pescadito &#8211; La Reforma Mixtepec, que comprende 3 kil\u00f3metros, de un total de 13 que abarca esta v\u00eda de comunicaci\u00f3n.<\/p>\n\n\n\n<p>Se\u00f1al\u00f3 que la obra lleva un avance del 70%, con la construcci\u00f3n de mil 965 metros lineales de pavimento, obras de drenaje, cunetas y guarniciones. La obra se ha realizado con tequio y con materiales de la regi\u00f3n c\u00f3mo grava y arena donados por la comunidad de La Reforma, as\u00ed con mano de obra de las y los mismos pobladores.<\/p>\n\n\n\n<p>En Santa Mar\u00eda Colotepec, el Mandatario oaxaque\u00f1o fue recibido por el presidente municipal Miguel Mart\u00ednez Castellanos, quien convoc\u00f3 a la poblaci\u00f3n a conocer las 23 acciones que se realizaron con los 30 millones de pesos con que fueron beneficiados.<\/p>\n\n\n\n<p>La explicaci\u00f3n estuvo a cargo del expresidente municipal Carmelo Cruz Mendoza, quien asever\u00f3 que con el apoyo otorgado se realizaron 22 obras de infraestructura que beneficiaron a diversas agencias y colonias; tambi\u00e9n se adquiri\u00f3 un veh\u00edculo para Protecci\u00f3n Civil.<\/p>\n\n\n\n<p>\u00abEste gobierno va a atender puntualmente todas las necesidades de los pueblos y comunidades; no nos va alcanzar el tiempo, pero tenemos la voluntad\u00bb, expres\u00f3 en este encuentro de rendici\u00f3n de cuentas que cont\u00f3 con la participaci\u00f3n activa de la sociedad.<\/p>\n\n\n\n<p>En Santo Domingo de Morelos, municipio conocido por su producci\u00f3n de Jamaica, el presidente municipal Valent\u00edn L\u00f3pez Garc\u00eda, dio a conocer que de los 50 millones de pesos que recibi\u00f3 la autoridad saliente, solo se realizaron dos obras de pavimentaci\u00f3n con concreto hidr\u00e1ulico, que abarcaron en total m\u00e1s de 4 metros lineales, y a \u00e9l le fueron entregados \u00fanicamente 12 millones de pesos.<\/p>\n\n\n\n<p>Finalmente, en Santa Mar\u00eda Tonameca, el presidente municipal C\u00e9sar Ruiz Guti\u00e9rrez, inform\u00f3 las 23 acciones realizadas con los 30 millones de pesos, las cuales incluyeron la rehabilitaci\u00f3n de sistemas de agua entubada a comunidades, rehabilitaci\u00f3n de tanques de almacenamiento de agua, reconstrucci\u00f3n de caminos y entrega de equipo de bombeo.<\/p>\n\n\n\n<p>\u00abEste gobierno ser\u00e1 cercano a la gente, porque hay muchas necesidades y hay que atenderlas\u00bb, se\u00f1al\u00f3 el Gobernador Salom\u00f3n Jara al tiempo de asegurar que, para atender las acciones pendientes, se elaborar\u00e1 un plan de trabajo con las autoridades municipales a fin de priorizar lo que hace falta.<\/p>\n\n\n\n<p>En esta gira de trabajo acompa\u00f1aron al Mandatario estatal las y los titulares de las secretar\u00edas de Bienestar, Tequio e Inclusi\u00f3n; Desarrollo Econ\u00f3mico; Fomento Agroalimentario y Desarrollo Rural; de las subsecretar\u00edas de Fortalecimiento Municipal de la Secretar\u00eda de Gobierno; de la subsecretar\u00eda de Obras de Secretar\u00eda de Infraestructuras y Comunicaciones; y de la Direcci\u00f3n de Caminos Bienestar.<\/p>\n\n\n\n<figure class=\"wp-block-image size-large\"><img decoding=\"async\" src=\"https:\/\/contextoinformacionyanalisisperiodistico.files.wordpress.com\/2023\/02\/img-20230211-wa00668013847268639721328.jpg?w=1024\" alt=\"\" class=\"wp-image-8303\" \/><\/figure>\n\n\n\n<figure class=\"wp-block-image\"><img decoding=\"async\" src=\"https:\/\/contextoinformacionyanalisisperiodistico.files.wordpress.com\/2023\/02\/img-20230211-wa00675975128742962554640.jpg?w=1024\" alt=\"\" class=\"wp-image-8305\" \/><\/figure>\n\n\n\n<figure class=\"wp-block-image\"><img decoding=\"async\" src=\"https:\/\/contextoinformacionyanalisisperiodistico.files.wordpress.com\/2023\/02\/img-20230211-wa00704339239077211537485.jpg?w=1024\" alt=\"\" class=\"wp-image-8307\" \/><\/figure>\n\n\n\n<figure class=\"wp-block-image\"><img decoding=\"async\" src=\"https:\/\/contextoinformacionyanalisisperiodistico.files.wordpress.com\/2023\/02\/img-20230211-wa00687605245621094500899.jpg?w=1024\" alt=\"\" class=\"wp-image-8304\" \/><\/figure>\n\n\n\n<figure class=\"wp-block-image\"><img decoding=\"async\" src=\"https:\/\/contextoinformacionyanalisisperiodistico.files.wordpress.com\/2023\/02\/img-20230211-wa00697861015973312399831.jpg?w=1024\" alt=\"\" class=\"wp-image-8306\" \/><\/figure>\n","protected":false},"excerpt":{"rendered":"<p>\u2022 En asambleas evaluativas, el Gobernador de Oaxaca contin\u00faa conociendo las obras realizadas con los&#8230;<\/p>\n","protected":false},"author":2,"featured_media":8302,"comment_status":"open","ping_status":"open","sticky":false,"template":"","format":"standard","meta":{"footnotes":""},"categories":[9],"tags":[],"jetpack_sharing_enabled":true,"featured_image_urls":{"full":"","thumbnail":"","medium":"","medium_large":"","large":"","1536x1536":"","2048x2048":"","covernews-slider-full":"","covernews-slider-center":"","covernews-featured":"","covernews-medium":"","covernews-medium-square":""},"author_info":{"display_name":"Miguel","author_link":"https:\/\/contextoanalisisperiodistico.com\/index.php\/author\/editor\/"},"category_info":"<a href=\"https:\/\/contextoanalisisperiodistico.com\/index.php\/category\/politica\/\" rel=\"category tag\">Pol\u00edtica<\/a>","tag_info":"Pol\u00edtica","comment_count":"0","jetpack_featured_media_url":"","_links":{"self":[{"href":"https:\/\/contextoanalisisperiodistico.com\/index.php\/wp-json\/wp\/v2\/posts\/8301"}],"collection":[{"href":"https:\/\/contextoanalisisperiodistico.com\/index.php\/wp-json\/wp\/v2\/posts"}],"about":[{"href":"https:\/\/contextoanalisisperiodistico.com\/index.php\/wp-json\/wp\/v2\/types\/post"}],"author":[{"embeddable":true,"href":"https:\/\/contextoanalisisperiodistico.com\/index.php\/wp-json\/wp\/v2\/users\/2"}],"replies":[{"embeddable":true,"href":"https:\/\/contextoanalisisperiodistico.com\/index.php\/wp-json\/wp\/v2\/comments?post=8301"}],"version-history":[{"count":0,"href":"https:\/\/contextoanalisisperiodistico.com\/index.php\/wp-json\/wp\/v2\/posts\/8301\/revisions"}],"wp:featuredmedia":[{"embeddable":true,"href":"https:\/\/contextoanalisisperiodistico.com\/index.php\/wp-json\/"}],"wp:attachment":[{"href":"https:\/\/contextoanalisisperiodistico.com\/index.php\/wp-json\/wp\/v2\/media?parent=8301"}],"wp:term":[{"taxonomy":"category","embeddable":true,"href":"https:\/\/contextoanalisisperiodistico.com\/index.php\/wp-json\/wp\/v2\/categories?post=8301"},{"taxonomy":"post_tag","embeddable":true,"href":"https:\/\/contextoanalisisperiodistico.com\/index.php\/wp-json\/wp\/v2\/tags?post=8301"}],"curies":[{"name":"wp","href":"https:\/\/api.w.org\/{rel}","templated":true}]}}