{"id":8286,"date":"2023-02-11T13:58:54","date_gmt":"2023-02-11T19:58:54","guid":{"rendered":"http:\/\/contextoanalisisperiodistico.com.mx\/?p=8286"},"modified":"2023-02-11T13:58:54","modified_gmt":"2023-02-11T19:58:54","slug":"fortalecer-participacion-politica-de-mujeresindigenas-compromiso-del-gobierno-del-estado","status":"publish","type":"post","link":"https:\/\/contextoanalisisperiodistico.com\/index.php\/2023\/02\/11\/fortalecer-participacion-politica-de-mujeresindigenas-compromiso-del-gobierno-del-estado\/","title":{"rendered":"Fortalecer participaci\u00f3n pol\u00edtica de mujeres ind\u00edgenas, compromiso del Gobierno del Estado"},"content":{"rendered":"<div id=\"fb-root\"><\/div>\n\n<p>\u2022 La Secretar\u00eda de las Mujeres brindar\u00e1 acompa\u00f1amiento a las autoridades municipales<\/p>\n\n\n\n<p>Oaxaca de Ju\u00e1rez, Oax. 11 de febrero de 2023.- Con el objetivo de fortalecer la vinculaci\u00f3n institucional con las mujeres electas en cargos municipales y otorgarles herramientas que les sirvan para un ejercicio efectivo de la gobernanza de sus comunidades, se llev\u00f3 a cabo el Primer Encuentro de Presidentas y S\u00edndicas Electas por Sistemas Normativos Ind\u00edgenas.<\/p>\n\n\n\n<p>De esta forma se pretende brindar acompa\u00f1amiento a 28 mujeres que asumieron como presidentas municipales, a 70 s\u00edndicas y a mil 116 regidoras, ya que ellas se enfrentan a mayores retos y dificultades por los estereotipos sexistas y la discriminaci\u00f3n que pueden sufrir en sus municipios.<\/p>\n\n\n\n<p>La titular de la Secretar\u00eda de las Mujeres, Elisa Zepeda Lagunas, se\u00f1al\u00f3 que desde el Gobierno del Estado se busca cerrar filas para acompa\u00f1ar a las mujeres ind\u00edgenas en la participaci\u00f3n pol\u00edtica en sus comunidades, y darles herramientas que les permitan el pleno ejercicio de sus funciones.<\/p>\n\n\n\n<p>\u201cHoy, hay mujeres que por primera vez est\u00e1n asumiendo cargos como presidentas, s\u00edndicas y regidoras, con una carga enorme porque socialmente la pol\u00edtica ha estado construida con una mirada masculina. El reto es muy grande, pero las fortalezas son muchas y entre todas podemos construir mejores oportunidades para nosotras y para las futuras generaciones de mujeres en el \u00e1mbito municipal\u201d, subray\u00f3.<\/p>\n\n\n\n<p>De la misma forma, las exhort\u00f3 a trabajar de manera conjunta con el Gobierno de la Primavera Oaxaque\u00f1a, que las respaldar\u00e1 y brindar\u00e1 el apoyo para que sus comunidades logren mejores condiciones de bienestar para sus familias.<\/p>\n\n\n\n<p>Les pidi\u00f3 ser aliadas para construir una sociedad igualitaria, libre de discriminaci\u00f3n y violencia contra las mujeres, y as\u00ed transformar la historia de nuestras comunidades.<\/p>\n\n\n\n<p>Durante el evento organizado por la Secretar\u00eda de las Mujeres, el Instituto Estatal Electoral y de Participaci\u00f3n Ciudadana de Oaxaca (IEEPCO), la Secretar\u00eda de Gobierno, el Secretariado Ejecutivo del Sistema Estatal de Seguridad P\u00fablica as\u00ed como el Instituto Nacional de las Mujeres (Inmujeres), se expusieron los temas \u2018Planeaci\u00f3n municipal para el desarrollo con perspectiva de g\u00e9nero\u2019, que expuso la asesora de la SM, Elsa Conde; y \u2018Acciones municipales para la igualdad\u2019, impartida por la Directora General para la Promoci\u00f3n de una Vida Libre de Violencia e Impulso a la Participaci\u00f3n Pol\u00edtica del Inmujeres, Anabel L\u00f3pez S\u00e1nchez.<\/p>\n\n\n\n<p>Asimismo, se realizaron dos mesas de trabajo, una dirigida a s\u00edndicas, en las que abordaron temas como: seguridad, procedimiento y medidas de protecci\u00f3n en casos de Violencia Pol\u00edtica hacia las Mujeres por Raz\u00f3n de G\u00e9nero y la Mesa dirigida a Presidentas, que abord\u00f3 el tema de Presupuesto Municipal.<\/p>\n\n\n\n<p>Este encuentro fue enriquecedor ya que las participantes pudieron expresar sus problem\u00e1ticas y obtener herramientas que les ser\u00e1n de utilidad para la administraci\u00f3n de sus municipios, y para fortalecer e incentivar la participaci\u00f3n de m\u00e1s mujeres en la pol\u00edtica.<\/p>\n\n\n\n<p>-0-<\/p>\n\n\n\n<figure class=\"wp-block-image size-large\"><img decoding=\"async\" src=\"https:\/\/contextoinformacionyanalisisperiodistico.files.wordpress.com\/2023\/02\/img-20230211-wa00384047517374885820361.jpg?w=1024\" alt=\"\" class=\"wp-image-8288\" \/><\/figure>\n\n\n\n<figure class=\"wp-block-image\"><img decoding=\"async\" src=\"https:\/\/contextoinformacionyanalisisperiodistico.files.wordpress.com\/2023\/02\/img-20230211-wa00379071563276706089699.jpg?w=1024\" alt=\"\" class=\"wp-image-8289\" \/><\/figure>\n\n\n\n<figure class=\"wp-block-image\"><img decoding=\"async\" src=\"https:\/\/contextoinformacionyanalisisperiodistico.files.wordpress.com\/2023\/02\/img-20230211-wa00403072520303287728713.jpg?w=1024\" alt=\"\" class=\"wp-image-8290\" \/><\/figure>\n","protected":false},"excerpt":{"rendered":"<p>\u2022 La Secretar\u00eda de las Mujeres brindar\u00e1 acompa\u00f1amiento a las autoridades municipales Oaxaca de Ju\u00e1rez,&#8230;<\/p>\n","protected":false},"author":2,"featured_media":8287,"comment_status":"open","ping_status":"open","sticky":false,"template":"","format":"standard","meta":{"footnotes":""},"categories":[7],"tags":[],"jetpack_sharing_enabled":true,"featured_image_urls":{"full":"","thumbnail":"","medium":"","medium_large":"","large":"","1536x1536":"","2048x2048":"","covernews-slider-full":"","covernews-slider-center":"","covernews-featured":"","covernews-medium":"","covernews-medium-square":""},"author_info":{"display_name":"Miguel","author_link":"https:\/\/contextoanalisisperiodistico.com\/index.php\/author\/editor\/"},"category_info":"<a href=\"https:\/\/contextoanalisisperiodistico.com\/index.php\/category\/municipios\/\" rel=\"category tag\">Municipios<\/a>","tag_info":"Municipios","comment_count":"0","jetpack_featured_media_url":"","_links":{"self":[{"href":"https:\/\/contextoanalisisperiodistico.com\/index.php\/wp-json\/wp\/v2\/posts\/8286"}],"collection":[{"href":"https:\/\/contextoanalisisperiodistico.com\/index.php\/wp-json\/wp\/v2\/posts"}],"about":[{"href":"https:\/\/contextoanalisisperiodistico.com\/index.php\/wp-json\/wp\/v2\/types\/post"}],"author":[{"embeddable":true,"href":"https:\/\/contextoanalisisperiodistico.com\/index.php\/wp-json\/wp\/v2\/users\/2"}],"replies":[{"embeddable":true,"href":"https:\/\/contextoanalisisperiodistico.com\/index.php\/wp-json\/wp\/v2\/comments?post=8286"}],"version-history":[{"count":0,"href":"https:\/\/contextoanalisisperiodistico.com\/index.php\/wp-json\/wp\/v2\/posts\/8286\/revisions"}],"wp:featuredmedia":[{"embeddable":true,"href":"https:\/\/contextoanalisisperiodistico.com\/index.php\/wp-json\/"}],"wp:attachment":[{"href":"https:\/\/contextoanalisisperiodistico.com\/index.php\/wp-json\/wp\/v2\/media?parent=8286"}],"wp:term":[{"taxonomy":"category","embeddable":true,"href":"https:\/\/contextoanalisisperiodistico.com\/index.php\/wp-json\/wp\/v2\/categories?post=8286"},{"taxonomy":"post_tag","embeddable":true,"href":"https:\/\/contextoanalisisperiodistico.com\/index.php\/wp-json\/wp\/v2\/tags?post=8286"}],"curies":[{"name":"wp","href":"https:\/\/api.w.org\/{rel}","templated":true}]}}