{"id":8279,"date":"2023-02-11T13:55:20","date_gmt":"2023-02-11T19:55:20","guid":{"rendered":"http:\/\/contextoanalisisperiodistico.com.mx\/?p=8279"},"modified":"2023-02-11T13:55:20","modified_gmt":"2023-02-11T19:55:20","slug":"se-instala-junta-directiva-del-instituto-de-atencion-integral-al-migrante-oaxaqueno","status":"publish","type":"post","link":"https:\/\/contextoanalisisperiodistico.com\/index.php\/2023\/02\/11\/se-instala-junta-directiva-del-instituto-de-atencion-integral-al-migrante-oaxaqueno\/","title":{"rendered":"Instalan Junta Directiva del Instituto de Atenci\u00f3n Integral al Migrante Oaxaque\u00f1o"},"content":{"rendered":"<div id=\"fb-root\"><\/div>\n\n<p>*El \u00f3rgano se integra con representantes de diversas secretar\u00edas y se busca mejorar la atenci\u00f3n a los oaxaque\u00f1os que por diversas circunstancias salen del estado<\/p>\n\n\n\n<p>Oaxaca de Ju\u00e1rez, Oax. 11 de febrero de 2023.- En sesi\u00f3n de instalaci\u00f3n, los representantes de diversas secretar\u00edas rindieron protesta como integrantes de la Junta Directiva del Instituto de Atenci\u00f3n Integral al Migrante Oaxaque\u00f1o (IAIMO), con la finalidad de mejorar la atenci\u00f3n y los programas destinados a los y las oaxaque\u00f1as que por diversas circunstancias salen del estado.<\/p>\n\n\n\n<p>En el acto protocolario se cont\u00f3 con la participaci\u00f3n de representantes de las secretar\u00edas de Gobierno, de Interculturalidad Pueblos y Comunidades Ind\u00edgenas y Afromexicano, Finanzas, Honestidad, Transparencia y Funci\u00f3n P\u00fablica, y Administraci\u00f3n, as\u00ed como de los Servicios de Salud de Oaxaca y el Instituto de Planeaci\u00f3n para el Bienestar, el Instituto Estatal de Educaci\u00f3n P\u00fablica de Oaxaca, y el Sistema para el Desarrollo Integral de la Familia.<\/p>\n\n\n\n<p>En la sesi\u00f3n de instalaci\u00f3n se realiz\u00f3 la presentaci\u00f3n y aprobaci\u00f3n del calendario de sesiones 2023, y se convoc\u00f3 a redoblar esfuerzos para mejorar las condiciones de vida de los migrantes y sus familias, como lo instruy\u00f3 el gobernador del Estado, Salom\u00f3n Jara Cruz.<\/p>\n\n\n\n<p>El IAIMO tiene como objetivo establecer y conducir las pol\u00edticas, programas, proyectos y acciones a favor de los migrantes y coordinar acciones con las dependencias y entidades de la administraci\u00f3n p\u00fablica federal, estatal y municipal, as\u00ed como con las organizaciones de migrantes oaxaque\u00f1os y organismos privados y de la sociedad civil, para combatir la vulnerabilidad de los migrantes y sus familiares.<\/p>\n\n\n\n<p>En el acto, el director del IAIMO, Silverio \u00c1vila Mart\u00ednez, dijo que se busca abatir el rezago de las comunidades con altos \u00edndices de migraci\u00f3n y brindar todo tipo de apoyo a organizaciones de migrantes, as\u00ed como estrategias de colaboraci\u00f3n que favorezcan y promuevan el respeto de los derechos humanos de los migrantes y sus familiares.<\/p>\n\n\n\n<p>Destac\u00f3 que se trabaja en la implementaci\u00f3n de acciones para la promoci\u00f3n, difusi\u00f3n y conservaci\u00f3n de las culturas de origen de los migrantes y sus familiares que radican en el extranjero y el fortalecimiento e interacci\u00f3n de los v\u00ednculos familiares, sociales y culturales de los oaxaque\u00f1os en el extranjero con sus familiares y sus comunidades de origen.<\/p>\n\n\n\n<figure class=\"wp-block-image size-large\"><img decoding=\"async\" src=\"https:\/\/contextoinformacionyanalisisperiodistico.files.wordpress.com\/2023\/02\/img-20230211-wa00291923425717260913157.jpg?w=1024\" alt=\"\" class=\"wp-image-8282\" \/><\/figure>\n\n\n\n<figure class=\"wp-block-image\"><img decoding=\"async\" src=\"https:\/\/contextoinformacionyanalisisperiodistico.files.wordpress.com\/2023\/02\/img-20230211-wa00306528815570698213601.jpg?w=1024\" alt=\"\" class=\"wp-image-8281\" \/><\/figure>\n\n\n\n<figure class=\"wp-block-image\"><img decoding=\"async\" src=\"https:\/\/contextoinformacionyanalisisperiodistico.files.wordpress.com\/2023\/02\/img-20230211-wa00283961428576322656595.jpg?w=1024\" alt=\"\" class=\"wp-image-8283\" \/><\/figure>\n","protected":false},"excerpt":{"rendered":"<p>*El \u00f3rgano se integra con representantes de diversas secretar\u00edas y se busca mejorar la atenci\u00f3n&#8230;<\/p>\n","protected":false},"author":2,"featured_media":8280,"comment_status":"open","ping_status":"open","sticky":false,"template":"","format":"standard","meta":{"footnotes":""},"categories":[3],"tags":[],"jetpack_sharing_enabled":true,"featured_image_urls":{"full":"","thumbnail":"","medium":"","medium_large":"","large":"","1536x1536":"","2048x2048":"","covernews-slider-full":"","covernews-slider-center":"","covernews-featured":"","covernews-medium":"","covernews-medium-square":""},"author_info":{"display_name":"Miguel","author_link":"https:\/\/contextoanalisisperiodistico.com\/index.php\/author\/editor\/"},"category_info":"<a href=\"https:\/\/contextoanalisisperiodistico.com\/index.php\/category\/ciudad\/\" rel=\"category tag\">Ciudad<\/a>","tag_info":"Ciudad","comment_count":"0","jetpack_featured_media_url":"","_links":{"self":[{"href":"https:\/\/contextoanalisisperiodistico.com\/index.php\/wp-json\/wp\/v2\/posts\/8279"}],"collection":[{"href":"https:\/\/contextoanalisisperiodistico.com\/index.php\/wp-json\/wp\/v2\/posts"}],"about":[{"href":"https:\/\/contextoanalisisperiodistico.com\/index.php\/wp-json\/wp\/v2\/types\/post"}],"author":[{"embeddable":true,"href":"https:\/\/contextoanalisisperiodistico.com\/index.php\/wp-json\/wp\/v2\/users\/2"}],"replies":[{"embeddable":true,"href":"https:\/\/contextoanalisisperiodistico.com\/index.php\/wp-json\/wp\/v2\/comments?post=8279"}],"version-history":[{"count":0,"href":"https:\/\/contextoanalisisperiodistico.com\/index.php\/wp-json\/wp\/v2\/posts\/8279\/revisions"}],"wp:featuredmedia":[{"embeddable":true,"href":"https:\/\/contextoanalisisperiodistico.com\/index.php\/wp-json\/"}],"wp:attachment":[{"href":"https:\/\/contextoanalisisperiodistico.com\/index.php\/wp-json\/wp\/v2\/media?parent=8279"}],"wp:term":[{"taxonomy":"category","embeddable":true,"href":"https:\/\/contextoanalisisperiodistico.com\/index.php\/wp-json\/wp\/v2\/categories?post=8279"},{"taxonomy":"post_tag","embeddable":true,"href":"https:\/\/contextoanalisisperiodistico.com\/index.php\/wp-json\/wp\/v2\/tags?post=8279"}],"curies":[{"name":"wp","href":"https:\/\/api.w.org\/{rel}","templated":true}]}}