{"id":8256,"date":"2023-02-11T11:17:55","date_gmt":"2023-02-11T17:17:55","guid":{"rendered":"http:\/\/contextoanalisisperiodistico.com.mx\/?p=8256"},"modified":"2023-02-11T11:17:55","modified_gmt":"2023-02-11T17:17:55","slug":"martinez-neri-y-banco-interamericano-de-desarrollo-suman-esfuerzos-para-resolver-problematica-con-el-manejo-de-los-rsu","status":"publish","type":"post","link":"https:\/\/contextoanalisisperiodistico.com\/index.php\/2023\/02\/11\/martinez-neri-y-banco-interamericano-de-desarrollo-suman-esfuerzos-para-resolver-problematica-con-el-manejo-de-los-rsu\/","title":{"rendered":"Mart\u00ednez Neri y el BID suman esfuerzos para resolver problem\u00e1tica con el manejo de los RSU"},"content":{"rendered":"<div id=\"fb-root\"><\/div>\n\n<p>Comunicado.-Derivado de las gestiones del presidente Municipal, Francisco Mart\u00ednez Neri, hoy se ha formalizado la colaboraci\u00f3n del Banco Interamericano de Desarrollo (BID) en la generaci\u00f3n del modelo bajo el cual se manejar\u00e1 de manera integral los Residuos S\u00f3lidos Urbanos de la capital oaxaque\u00f1a<\/p>\n\n\n\n<p>Partiendo de la estrategia ya aplicada por el municipio de Oaxaca de Ju\u00e1rez, un grupo de especialistas del BID, iniciar\u00e1n los trabajos pertinentes para la elaboraci\u00f3n del Programa de Gesti\u00f3n Integral de Residuos S\u00f3lidos Urbanos (PGIRSU) para alinearlo a los objetivos de desarrollo sustentable establecidos por la Organizaci\u00f3n de Naciones Unidas en la Agenda 2030.<\/p>\n\n\n\n<p>El objetivo es realizar un proyecto viable desde el punto de vista t\u00e9cnico operativo, ambiental, financiero, econ\u00f3mico y legal-normativo.<\/p>\n\n\n\n<p>En este sentido se har\u00e1n cargo del diagn\u00f3stico y elaboraci\u00f3n del Programa de Manejo Integral de Residuos S\u00f3lidos Urbanos y de Manejo Especial, del municipio. Desarrollar\u00e1n el estudio a nivel de prefactibilidad para soluciones tecnol\u00f3gicas de equipo e infraestructura.<\/p>\n\n\n\n<figure class=\"wp-block-image size-large\"><img decoding=\"async\" src=\"https:\/\/contextoinformacionyanalisisperiodistico.files.wordpress.com\/2023\/02\/img-20230211-wa00156616366468302092700.jpg?w=1024\" alt=\"\" class=\"wp-image-8258\" \/><\/figure>\n\n\n\n<figure class=\"wp-block-image\"><img decoding=\"async\" src=\"https:\/\/contextoinformacionyanalisisperiodistico.files.wordpress.com\/2023\/02\/img-20230211-wa00165480642202964572532.jpg?w=1024\" alt=\"\" class=\"wp-image-8259\" \/><\/figure>\n\n\n\n<p>Es importante mencionar que estas acciones forman parte del trabajo incensante que realiza el presidente municipal de Oaxaca de Ju\u00e1rez, Francisco Mart\u00ednez Neri, para dar soluci\u00f3n de fondo al Manejo de los Residuos S\u00f3lidos Urbanos.<\/p>\n","protected":false},"excerpt":{"rendered":"<p>Comunicado.-Derivado de las gestiones del presidente Municipal, Francisco Mart\u00ednez Neri, hoy se ha formalizado la&#8230;<\/p>\n","protected":false},"author":2,"featured_media":8257,"comment_status":"open","ping_status":"open","sticky":false,"template":"","format":"standard","meta":{"footnotes":""},"categories":[3],"tags":[],"jetpack_sharing_enabled":true,"featured_image_urls":{"full":"","thumbnail":"","medium":"","medium_large":"","large":"","1536x1536":"","2048x2048":"","covernews-slider-full":"","covernews-slider-center":"","covernews-featured":"","covernews-medium":"","covernews-medium-square":""},"author_info":{"display_name":"Miguel","author_link":"https:\/\/contextoanalisisperiodistico.com\/index.php\/author\/editor\/"},"category_info":"<a href=\"https:\/\/contextoanalisisperiodistico.com\/index.php\/category\/ciudad\/\" rel=\"category tag\">Ciudad<\/a>","tag_info":"Ciudad","comment_count":"0","jetpack_featured_media_url":"","_links":{"self":[{"href":"https:\/\/contextoanalisisperiodistico.com\/index.php\/wp-json\/wp\/v2\/posts\/8256"}],"collection":[{"href":"https:\/\/contextoanalisisperiodistico.com\/index.php\/wp-json\/wp\/v2\/posts"}],"about":[{"href":"https:\/\/contextoanalisisperiodistico.com\/index.php\/wp-json\/wp\/v2\/types\/post"}],"author":[{"embeddable":true,"href":"https:\/\/contextoanalisisperiodistico.com\/index.php\/wp-json\/wp\/v2\/users\/2"}],"replies":[{"embeddable":true,"href":"https:\/\/contextoanalisisperiodistico.com\/index.php\/wp-json\/wp\/v2\/comments?post=8256"}],"version-history":[{"count":0,"href":"https:\/\/contextoanalisisperiodistico.com\/index.php\/wp-json\/wp\/v2\/posts\/8256\/revisions"}],"wp:featuredmedia":[{"embeddable":true,"href":"https:\/\/contextoanalisisperiodistico.com\/index.php\/wp-json\/"}],"wp:attachment":[{"href":"https:\/\/contextoanalisisperiodistico.com\/index.php\/wp-json\/wp\/v2\/media?parent=8256"}],"wp:term":[{"taxonomy":"category","embeddable":true,"href":"https:\/\/contextoanalisisperiodistico.com\/index.php\/wp-json\/wp\/v2\/categories?post=8256"},{"taxonomy":"post_tag","embeddable":true,"href":"https:\/\/contextoanalisisperiodistico.com\/index.php\/wp-json\/wp\/v2\/tags?post=8256"}],"curies":[{"name":"wp","href":"https:\/\/api.w.org\/{rel}","templated":true}]}}