{"id":8212,"date":"2023-02-10T15:02:05","date_gmt":"2023-02-10T21:02:05","guid":{"rendered":"http:\/\/contextoanalisisperiodistico.com.mx\/?p=8212"},"modified":"2023-02-10T15:02:05","modified_gmt":"2023-02-10T21:02:05","slug":"garantiza-gobierno-del-estado-cobertura-docente-en-bachillerato-de-la-zona-mixe","status":"publish","type":"post","link":"https:\/\/contextoanalisisperiodistico.com\/index.php\/2023\/02\/10\/garantiza-gobierno-del-estado-cobertura-docente-en-bachillerato-de-la-zona-mixe\/","title":{"rendered":"Garantiza Gobierno del Estado cobertura docente en bachillerato de la zona Mixe"},"content":{"rendered":"<div id=\"fb-root\"><\/div>\n\n<p>\u2022 El titular del IEBO, Francisco Javier Salinas Huergo, expuso que con la incorporaci\u00f3n de personal acad\u00e9mico se fortalecen las competencias del alumnado del plantel de Santiago Zacatepec<\/p>\n\n\n\n<p>Oaxaca de Ju\u00e1rez, Oax., 10 de febrero de 2023.- A fin de garantizar el acceso de la juventud oaxaque\u00f1a a la educaci\u00f3n, principalmente quienes se encuentran en comunidades apartadas, el Gobierno del Estado a trav\u00e9s del Instituto de Estudios de Bachillerato del Estado de Oaxaca (IEBO) atendi\u00f3 la solicitud para incorporar personal acad\u00e9mico en el plantel 068 Santiago Zacatepec, en la regi\u00f3n Mixe.<\/p>\n\n\n\n<p>De esta manera se trabaja para que el estudiantado de este sistema cuente con los medios necesarios para su formaci\u00f3n, tal como se establece en el eje para la Reparaci\u00f3n Hist\u00f3rica de los Pueblos, y se sienten las bases para el bienestar, el desarrollo y la justicia de las comunidades.<\/p>\n\n\n\n<p>El director general del IEBO, Francisco Javier Salinas Huergo, expuso que ante la petici\u00f3n que realizaron estudiantes, madres, padres de familia y autoridades municipales para resolver el d\u00e9ficit de docentes en dicho plantel, esta instituci\u00f3n de educaci\u00f3n media superior realiz\u00f3 las gestiones para contar con personal acad\u00e9mico que permita fortalecer los campos disciplinares.<\/p>\n\n\n\n<p>Explic\u00f3 que para ello se asignaron dos asesores acad\u00e9micos, quienes impartir\u00e1n educaci\u00f3n de calidad en sus diferentes unidades de contenido, abonando as\u00ed al desarrollo de las diferentes habilidades, destrezas y conocimientos que se estipulan en el perfil de egreso del IEBO.<\/p>\n\n\n\n<p>Lo anterior dio como resultado la inauguraci\u00f3n del ciclo escolar 2023\u2019A, con un total de 90 estudiantes de los semestres II, IV y VI de esta comunidad y de comunidades aleda\u00f1as a este municipio, lo que permitir\u00e1 aportar al desarrollo de la juventud.<\/p>\n\n\n\n<p>Salinas Huergo se\u00f1al\u00f3 que dentro de las acciones prioritarias que impulsa el Gobernador del Estado Salom\u00f3n Jara Cruz se encuentra la de brindar educaci\u00f3n de calidad y comprometida con las ni\u00f1as, ni\u00f1os y j\u00f3venes de la entidad, ya que a trav\u00e9s de ella se pondr\u00e1 preparar a las generaciones que consoliden el desarrollo del estado.<\/p>\n\n\n\n<p>Refiri\u00f3 que el Mandatario Estatal ha impulsado acciones a favor de las nuevas generaciones para que en el futuro se pueda tener ciudadanas y ciudadanos plenos, libres, responsables y comprometidos con la comunidad de la que son parte, y con la grandeza de Oaxaca.<\/p>\n\n\n\n<p>-0-<\/p>\n\n\n\n<figure class=\"wp-block-image size-large\"><img decoding=\"async\" src=\"https:\/\/contextoinformacionyanalisisperiodistico.files.wordpress.com\/2023\/02\/img-20230210-wa00512483478957380057023.jpg?w=1024\" alt=\"\" class=\"wp-image-8215\" \/><\/figure>\n\n\n\n<figure class=\"wp-block-image\"><img decoding=\"async\" src=\"https:\/\/contextoinformacionyanalisisperiodistico.files.wordpress.com\/2023\/02\/img-20230210-wa00526295519560739755740.jpg?w=1024\" alt=\"\" class=\"wp-image-8214\" \/><\/figure>\n\n\n\n<figure class=\"wp-block-image\"><img decoding=\"async\" src=\"https:\/\/contextoinformacionyanalisisperiodistico.files.wordpress.com\/2023\/02\/img-20230210-wa00508411960393862884006.jpg?w=1024\" alt=\"\" class=\"wp-image-8216\" \/><\/figure>\n","protected":false},"excerpt":{"rendered":"<p>\u2022 El titular del IEBO, Francisco Javier Salinas Huergo, expuso que con la incorporaci\u00f3n de&#8230;<\/p>\n","protected":false},"author":2,"featured_media":8213,"comment_status":"open","ping_status":"open","sticky":false,"template":"","format":"standard","meta":{"footnotes":""},"categories":[7],"tags":[],"jetpack_sharing_enabled":true,"featured_image_urls":{"full":"","thumbnail":"","medium":"","medium_large":"","large":"","1536x1536":"","2048x2048":"","covernews-slider-full":"","covernews-slider-center":"","covernews-featured":"","covernews-medium":"","covernews-medium-square":""},"author_info":{"display_name":"Miguel","author_link":"https:\/\/contextoanalisisperiodistico.com\/index.php\/author\/editor\/"},"category_info":"<a href=\"https:\/\/contextoanalisisperiodistico.com\/index.php\/category\/municipios\/\" rel=\"category tag\">Municipios<\/a>","tag_info":"Municipios","comment_count":"0","jetpack_featured_media_url":"","_links":{"self":[{"href":"https:\/\/contextoanalisisperiodistico.com\/index.php\/wp-json\/wp\/v2\/posts\/8212"}],"collection":[{"href":"https:\/\/contextoanalisisperiodistico.com\/index.php\/wp-json\/wp\/v2\/posts"}],"about":[{"href":"https:\/\/contextoanalisisperiodistico.com\/index.php\/wp-json\/wp\/v2\/types\/post"}],"author":[{"embeddable":true,"href":"https:\/\/contextoanalisisperiodistico.com\/index.php\/wp-json\/wp\/v2\/users\/2"}],"replies":[{"embeddable":true,"href":"https:\/\/contextoanalisisperiodistico.com\/index.php\/wp-json\/wp\/v2\/comments?post=8212"}],"version-history":[{"count":0,"href":"https:\/\/contextoanalisisperiodistico.com\/index.php\/wp-json\/wp\/v2\/posts\/8212\/revisions"}],"wp:featuredmedia":[{"embeddable":true,"href":"https:\/\/contextoanalisisperiodistico.com\/index.php\/wp-json\/"}],"wp:attachment":[{"href":"https:\/\/contextoanalisisperiodistico.com\/index.php\/wp-json\/wp\/v2\/media?parent=8212"}],"wp:term":[{"taxonomy":"category","embeddable":true,"href":"https:\/\/contextoanalisisperiodistico.com\/index.php\/wp-json\/wp\/v2\/categories?post=8212"},{"taxonomy":"post_tag","embeddable":true,"href":"https:\/\/contextoanalisisperiodistico.com\/index.php\/wp-json\/wp\/v2\/tags?post=8212"}],"curies":[{"name":"wp","href":"https:\/\/api.w.org\/{rel}","templated":true}]}}