{"id":8208,"date":"2023-02-10T14:37:42","date_gmt":"2023-02-10T20:37:42","guid":{"rendered":"http:\/\/contextoanalisisperiodistico.com.mx\/2023\/02\/10\/26-feminicidios-enluta-diciembre-enero-y-7-primeros-dias-de-febrero\/"},"modified":"2023-02-10T14:37:42","modified_gmt":"2023-02-10T20:37:42","slug":"26-feminicidios-enluta-diciembre-enero-y-7-primeros-dias-de-febrero","status":"publish","type":"post","link":"https:\/\/contextoanalisisperiodistico.com\/index.php\/2023\/02\/10\/26-feminicidios-enluta-diciembre-enero-y-7-primeros-dias-de-febrero\/","title":{"rendered":"26 feminicidios enluta diciembre, enero y primeros 7 d\u00edas de febrero"},"content":{"rendered":"<div id=\"fb-root\"><\/div>\n\n<p>De acuerdo con la Plataforma de Violencia Feminicida de Consorcio para el Di\u00e1logo Parlamentario y la Equidad, durante los primeros dos meses del Gobierno de Salom\u00f3n Jara, es decir del&nbsp; 1\u00b0 de diciembre de 2022 hasta el 7 de febrero del 2023,&nbsp; se han cometido 26 feminicidios en #Oaxaca.<\/p>\n\n\n\n<p>Tan s\u00f3lo en el mes de diciembre fueron registrados 13 feminicidios.<\/p>\n\n\n\n<p>Del total, en 23 de los casos la edad de la v\u00edctima se conoce y en solo 3 casos no fue especificada en los registros.<\/p>\n\n\n\n<p>La edad de 12 de ellas oscila entre los 18 y los 35 a\u00f1os, &nbsp;8 de ellas&nbsp; ten\u00edan una edad de entre los 35 a 50 a\u00f1os, una era menor de 18 a\u00f1os, otra se ubicaba en el rango de 50 a 70 a\u00f1os y una m\u00e1s era mayor a 70 a\u00f1os.<\/p>\n\n\n\n<p>En el 81% de los casos la relaci\u00f3n del agresor o agresores con la v\u00edctima no fue especificada, mientras que en los casos en que s\u00ed se conoce esta informaci\u00f3n, se trat\u00f3 del esposo, la pareja, el hermano, los sobrinos o el hijo de la v\u00edctima.<\/p>\n\n\n\n<p>&nbsp;<\/p>\n\n\n\n<figure class=\"wp-block-image size-large\"><img decoding=\"async\" src=\"https:\/\/contextoinformacionyanalisisperiodistico.files.wordpress.com\/2023\/02\/postal20902238112459313786171458..jpg?w=1024\" alt=\"\" class=\"wp-image-8207\" \/><\/figure>\n\n\n\n<figure class=\"wp-block-image\"><img decoding=\"async\" src=\"https:\/\/contextoinformacionyanalisisperiodistico.files.wordpress.com\/2023\/02\/postal30902231660190128899863878..jpg?w=1024\" alt=\"\" class=\"wp-image-8206\" \/><\/figure>\n\n\n","protected":false},"excerpt":{"rendered":"<p>De acuerdo con la Plataforma de Violencia Feminicida de Consorcio para el Di\u00e1logo Parlamentario y&#8230;<\/p>\n","protected":false},"author":2,"featured_media":8210,"comment_status":"open","ping_status":"open","sticky":false,"template":"","format":"standard","meta":{"footnotes":""},"categories":[9],"tags":[13,23,25],"jetpack_sharing_enabled":true,"featured_image_urls":{"full":"","thumbnail":"","medium":"","medium_large":"","large":"","1536x1536":"","2048x2048":"","covernews-slider-full":"","covernews-slider-center":"","covernews-featured":"","covernews-medium":"","covernews-medium-square":""},"author_info":{"display_name":"Miguel","author_link":"https:\/\/contextoanalisisperiodistico.com\/index.php\/author\/editor\/"},"category_info":"<a href=\"https:\/\/contextoanalisisperiodistico.com\/index.php\/category\/politica\/\" rel=\"category tag\">Pol\u00edtica<\/a>","tag_info":"Pol\u00edtica","comment_count":"0","jetpack_featured_media_url":"","_links":{"self":[{"href":"https:\/\/contextoanalisisperiodistico.com\/index.php\/wp-json\/wp\/v2\/posts\/8208"}],"collection":[{"href":"https:\/\/contextoanalisisperiodistico.com\/index.php\/wp-json\/wp\/v2\/posts"}],"about":[{"href":"https:\/\/contextoanalisisperiodistico.com\/index.php\/wp-json\/wp\/v2\/types\/post"}],"author":[{"embeddable":true,"href":"https:\/\/contextoanalisisperiodistico.com\/index.php\/wp-json\/wp\/v2\/users\/2"}],"replies":[{"embeddable":true,"href":"https:\/\/contextoanalisisperiodistico.com\/index.php\/wp-json\/wp\/v2\/comments?post=8208"}],"version-history":[{"count":0,"href":"https:\/\/contextoanalisisperiodistico.com\/index.php\/wp-json\/wp\/v2\/posts\/8208\/revisions"}],"wp:featuredmedia":[{"embeddable":true,"href":"https:\/\/contextoanalisisperiodistico.com\/index.php\/wp-json\/"}],"wp:attachment":[{"href":"https:\/\/contextoanalisisperiodistico.com\/index.php\/wp-json\/wp\/v2\/media?parent=8208"}],"wp:term":[{"taxonomy":"category","embeddable":true,"href":"https:\/\/contextoanalisisperiodistico.com\/index.php\/wp-json\/wp\/v2\/categories?post=8208"},{"taxonomy":"post_tag","embeddable":true,"href":"https:\/\/contextoanalisisperiodistico.com\/index.php\/wp-json\/wp\/v2\/tags?post=8208"}],"curies":[{"name":"wp","href":"https:\/\/api.w.org\/{rel}","templated":true}]}}