{"id":8197,"date":"2023-02-10T13:42:57","date_gmt":"2023-02-10T19:42:57","guid":{"rendered":"http:\/\/contextoanalisisperiodistico.com.mx\/2023\/02\/10\/pleno-del-ogaipo-ordena-a-instituciones-publicas-entregar-informacion-a-solicitantes\/"},"modified":"2023-02-10T13:42:57","modified_gmt":"2023-02-10T19:42:57","slug":"pleno-del-ogaipo-ordena-a-instituciones-publicas-entregar-informacion-a-solicitantes","status":"publish","type":"post","link":"https:\/\/contextoanalisisperiodistico.com\/index.php\/2023\/02\/10\/pleno-del-ogaipo-ordena-a-instituciones-publicas-entregar-informacion-a-solicitantes\/","title":{"rendered":"Pleno del OGAIPO ordena a instituciones p\u00fablicas entregar informaci\u00f3n a solicitantes"},"content":{"rendered":"<div id=\"fb-root\"><\/div>\n\n<p><strong>&nbsp;<\/strong><\/p>\n\n\n\n<p><em>Oaxaca de Ju\u00e1rez, Oaxaca, a 10 de febrero de 2023<\/em>.- El Pleno del \u00d3rgano Garante de Acceso a la Informaci\u00f3n P\u00fablica, Transparencia, Protecci\u00f3n de Datos Personales y Buen Gobierno del Estado de Oaxaca (OGAIPO) llev\u00f3 a cabo su Tercera Sesi\u00f3n Ordinaria del a\u00f1o, en la que resolvi\u00f3 un total de 40 recursos de revisi\u00f3n en materia de solicitudes de acceso a la informaci\u00f3n p\u00fablica y un acuerdo.<\/p>\n\n\n\n<p>&nbsp;<\/p>\n\n\n\n<p>Respecto a las resoluciones emitidas por el \u00d3rgano Garante Local, en dieciocho se modific\u00f3 la respuesta del Sujeto obligado, en seis recursos de revisi\u00f3n se ordena la entrega de la informaci\u00f3n, en un proyecto se confirma la respuesta, nueve recursos de revisi\u00f3n fueron sobrese\u00eddos y seis recursos se desecharon.<\/p>\n\n\n\n<p>&nbsp;<\/p>\n\n\n\n<p>En otro punto del Orden del D\u00eda, el Consejo General del OGAIPO aprob\u00f3 por unanimidad un acuerdo sobre las medidas de apremio que ser\u00e1n impuestas al H. Ayuntamiento de Acatl\u00e1n de P\u00e9rez Figueroa; H. Ayuntamiento de Ciudad Ixtepec; y H. Ayuntamiento de Tlacolula de Matamoros, derivado del Incumplimiento a las Resoluciones Emitidas en los Recursos de Revisi\u00f3n, interpuestos ante el \u00d3rgano Garante Local.<\/p>\n","protected":false},"excerpt":{"rendered":"<p>&nbsp; Oaxaca de Ju\u00e1rez, Oaxaca, a 10 de febrero de 2023.- El Pleno del \u00d3rgano&#8230;<\/p>\n","protected":false},"author":2,"featured_media":8196,"comment_status":"open","ping_status":"open","sticky":false,"template":"","format":"standard","meta":{"footnotes":""},"categories":[9],"tags":[],"jetpack_sharing_enabled":true,"featured_image_urls":{"full":"","thumbnail":"","medium":"","medium_large":"","large":"","1536x1536":"","2048x2048":"","covernews-slider-full":"","covernews-slider-center":"","covernews-featured":"","covernews-medium":"","covernews-medium-square":""},"author_info":{"display_name":"Miguel","author_link":"https:\/\/contextoanalisisperiodistico.com\/index.php\/author\/editor\/"},"category_info":"<a href=\"https:\/\/contextoanalisisperiodistico.com\/index.php\/category\/politica\/\" rel=\"category tag\">Pol\u00edtica<\/a>","tag_info":"Pol\u00edtica","comment_count":"0","jetpack_featured_media_url":"","_links":{"self":[{"href":"https:\/\/contextoanalisisperiodistico.com\/index.php\/wp-json\/wp\/v2\/posts\/8197"}],"collection":[{"href":"https:\/\/contextoanalisisperiodistico.com\/index.php\/wp-json\/wp\/v2\/posts"}],"about":[{"href":"https:\/\/contextoanalisisperiodistico.com\/index.php\/wp-json\/wp\/v2\/types\/post"}],"author":[{"embeddable":true,"href":"https:\/\/contextoanalisisperiodistico.com\/index.php\/wp-json\/wp\/v2\/users\/2"}],"replies":[{"embeddable":true,"href":"https:\/\/contextoanalisisperiodistico.com\/index.php\/wp-json\/wp\/v2\/comments?post=8197"}],"version-history":[{"count":0,"href":"https:\/\/contextoanalisisperiodistico.com\/index.php\/wp-json\/wp\/v2\/posts\/8197\/revisions"}],"wp:featuredmedia":[{"embeddable":true,"href":"https:\/\/contextoanalisisperiodistico.com\/index.php\/wp-json\/"}],"wp:attachment":[{"href":"https:\/\/contextoanalisisperiodistico.com\/index.php\/wp-json\/wp\/v2\/media?parent=8197"}],"wp:term":[{"taxonomy":"category","embeddable":true,"href":"https:\/\/contextoanalisisperiodistico.com\/index.php\/wp-json\/wp\/v2\/categories?post=8197"},{"taxonomy":"post_tag","embeddable":true,"href":"https:\/\/contextoanalisisperiodistico.com\/index.php\/wp-json\/wp\/v2\/tags?post=8197"}],"curies":[{"name":"wp","href":"https:\/\/api.w.org\/{rel}","templated":true}]}}