{"id":8193,"date":"2023-02-10T12:08:31","date_gmt":"2023-02-10T18:08:31","guid":{"rendered":"http:\/\/contextoanalisisperiodistico.com.mx\/?p=8193"},"modified":"2023-02-10T12:08:31","modified_gmt":"2023-02-10T18:08:31","slug":"apuesta-gobierno-de-oaxaca-por-mas-acciones-de-seguridad-y-vigilancia-como-parte-de-la-nueva-estrategia-interinstitucional","status":"publish","type":"post","link":"https:\/\/contextoanalisisperiodistico.com\/index.php\/2023\/02\/10\/apuesta-gobierno-de-oaxaca-por-mas-acciones-de-seguridad-y-vigilancia-como-parte-de-la-nueva-estrategia-interinstitucional\/","title":{"rendered":"Apuesta Gobierno de Oaxaca por m\u00e1s acciones de seguridad y vigilancia como parte de la nueva estrategia interinstitucional"},"content":{"rendered":"<div id=\"fb-root\"><\/div>\n\n<p>\u2022 El Gobierno que encabeza Salom\u00f3n Jara Cruz cumple con acciones contundentes para la reconstrucci\u00f3n del tejido social, garantizando la seguridad y la paz p\u00fablica en las comunidades oaxaque\u00f1as<\/p>\n\n\n\n<p>Oaxaca de Ju\u00e1rez, Oax. 10 de febrero de 2023.- Resultado de la nueva estrategia de seguridad interinstitucional que encabeza el Gobernador del Estado, Salom\u00f3n Jara Cruz, la Secretar\u00eda de Seguridad y Protecci\u00f3n Ciudadana (SSPC) increment\u00f3 el 99.5% de detenciones por diversos delitos en el mes de enero de este a\u00f1o.<\/p>\n\n\n\n<p>Esta cifra representa 159 aseguramientos por delitos del Fuero Com\u00fan y Federal en comparativa a las 81 personas detenidas en el mes de diciembre de 2022.<\/p>\n\n\n\n<p>El secretario de Seguridad y Protecci\u00f3n Ciudadana, Iv\u00e1n Garc\u00eda \u00c1lvarez se\u00f1al\u00f3 que las acciones para la recuperaci\u00f3n de unidades de motor con estatus de reporte de robo, se intensificaron en un 16.21% en la entidad.<\/p>\n\n\n\n<p>Destac\u00f3 que el decomiso de enervantes aument\u00f3 5 mil por ciento m\u00e1s en comparativo al mes anterior de 2022; en cuanto a armas de fuego 48% y municiones 197.45%.<\/p>\n\n\n\n<p>A su vez, hubo una disminuci\u00f3n de 6.6% en el delito de robo de motocicletas, ello, como resultado del incremento de las acciones de seguridad y vigilancia que realizan las corporaciones estatales en coordinaci\u00f3n con fuerzas municipales y federales de seguridad.<\/p>\n\n\n\n<p>Aunado a lo anterior, el titular de la SSPC mencion\u00f3 que esta estrategia operativa se conjunta con las acciones de prevenci\u00f3n que se llevan a cabo por medio de las Unidades Municipales de Prevenci\u00f3n del Delito en los 570 municipios de Oaxaca.<\/p>\n\n\n\n<p>Entre las que destaca el programa \u201cRonda Estudiantil por la Paz\u201d, el cual busca la concientizaci\u00f3n para erradicar la violencia en el sistema escolar; por otra parte, el relanzamiento del \u201cOperativo Mochila Segura\u201d en centros educativos privilegiando el derecho de las y los estudiantes.<\/p>\n\n\n\n<p>-0-<\/p>\n","protected":false},"excerpt":{"rendered":"<p>\u2022 El Gobierno que encabeza Salom\u00f3n Jara Cruz cumple con acciones contundentes para la reconstrucci\u00f3n&#8230;<\/p>\n","protected":false},"author":2,"featured_media":8194,"comment_status":"open","ping_status":"open","sticky":false,"template":"","format":"standard","meta":{"footnotes":""},"categories":[10],"tags":[],"jetpack_sharing_enabled":true,"featured_image_urls":{"full":"","thumbnail":"","medium":"","medium_large":"","large":"","1536x1536":"","2048x2048":"","covernews-slider-full":"","covernews-slider-center":"","covernews-featured":"","covernews-medium":"","covernews-medium-square":""},"author_info":{"display_name":"Miguel","author_link":"https:\/\/contextoanalisisperiodistico.com\/index.php\/author\/editor\/"},"category_info":"<a href=\"https:\/\/contextoanalisisperiodistico.com\/index.php\/category\/seguridad\/\" rel=\"category tag\">Seguridad<\/a>","tag_info":"Seguridad","comment_count":"0","jetpack_featured_media_url":"","_links":{"self":[{"href":"https:\/\/contextoanalisisperiodistico.com\/index.php\/wp-json\/wp\/v2\/posts\/8193"}],"collection":[{"href":"https:\/\/contextoanalisisperiodistico.com\/index.php\/wp-json\/wp\/v2\/posts"}],"about":[{"href":"https:\/\/contextoanalisisperiodistico.com\/index.php\/wp-json\/wp\/v2\/types\/post"}],"author":[{"embeddable":true,"href":"https:\/\/contextoanalisisperiodistico.com\/index.php\/wp-json\/wp\/v2\/users\/2"}],"replies":[{"embeddable":true,"href":"https:\/\/contextoanalisisperiodistico.com\/index.php\/wp-json\/wp\/v2\/comments?post=8193"}],"version-history":[{"count":0,"href":"https:\/\/contextoanalisisperiodistico.com\/index.php\/wp-json\/wp\/v2\/posts\/8193\/revisions"}],"wp:featuredmedia":[{"embeddable":true,"href":"https:\/\/contextoanalisisperiodistico.com\/index.php\/wp-json\/"}],"wp:attachment":[{"href":"https:\/\/contextoanalisisperiodistico.com\/index.php\/wp-json\/wp\/v2\/media?parent=8193"}],"wp:term":[{"taxonomy":"category","embeddable":true,"href":"https:\/\/contextoanalisisperiodistico.com\/index.php\/wp-json\/wp\/v2\/categories?post=8193"},{"taxonomy":"post_tag","embeddable":true,"href":"https:\/\/contextoanalisisperiodistico.com\/index.php\/wp-json\/wp\/v2\/tags?post=8193"}],"curies":[{"name":"wp","href":"https:\/\/api.w.org\/{rel}","templated":true}]}}