{"id":8180,"date":"2023-02-10T07:36:25","date_gmt":"2023-02-10T13:36:25","guid":{"rendered":"http:\/\/contextoanalisisperiodistico.com.mx\/?p=8180"},"modified":"2023-02-10T07:36:25","modified_gmt":"2023-02-10T13:36:25","slug":"municipio-capitalino-celebra-50-anos-del-observatorio-astronomico-municipal","status":"publish","type":"post","link":"https:\/\/contextoanalisisperiodistico.com\/index.php\/2023\/02\/10\/municipio-capitalino-celebra-50-anos-del-observatorio-astronomico-municipal\/","title":{"rendered":"Municipio capitalino celebra 50 a\u00f1os del Observatorio Astron\u00f3mico capitalino"},"content":{"rendered":"<div id=\"fb-root\"><\/div>\n\n<p>\u25cf Este evento es de suma importancia, porque en el Observatorio Astron\u00f3mico Municipal \u00abse encarna la ciudad Educadora que hemos impulsado, en la ciudad de Oaxaca\u00bb, destac\u00f3 el Edil<\/p>\n\n\n\n<figure class=\"wp-block-image size-large\"><img decoding=\"async\" src=\"https:\/\/contextoinformacionyanalisisperiodistico.files.wordpress.com\/2023\/02\/img-20230210-wa00019184723420986195628.jpg?w=1024\" alt=\"\" class=\"wp-image-8183\" \/><\/figure>\n\n\n\n<figure class=\"wp-block-image\"><img decoding=\"async\" src=\"https:\/\/contextoinformacionyanalisisperiodistico.files.wordpress.com\/2023\/02\/img-20230210-wa00006021103511285858647.jpg?w=1024\" alt=\"\" class=\"wp-image-8185\" \/><\/figure>\n\n\n\n<figure class=\"wp-block-image\"><img decoding=\"async\" src=\"https:\/\/contextoinformacionyanalisisperiodistico.files.wordpress.com\/2023\/02\/img-20230210-wa00021623636605623128625.jpg?w=1024\" alt=\"\" class=\"wp-image-8184\" \/><\/figure>\n\n\n\n<p>El presidente Municipal de Oaxaca de Ju\u00e1rez, Francisco Mart\u00ednez Neri particip\u00f3 en la entrega de reconocimiento a Mujeres Creadoras de Ciencia 2023, que se realiz\u00f3 en el marco de los 50 a\u00f1os del Observatorio de la Ciudad.<\/p>\n\n\n\n<p>Acompa\u00f1ado de la presidenta honoraria del Comit\u00e9 Municipal del Sistema DIF, Bernarda Gonz\u00e1lez Rivas, integrantes de su Cabildo, funcionarios y funcionarias municipales, invitados especiales, as\u00ed como el encargado del Observatorio, Esteban Pacheco Mart\u00ednez, el edil de la Ciudad de Oaxaca, reconoci\u00f3 el trabajo que se realiza a favor de la ciencia.<\/p>\n\n\n\n<p>Mart\u00ednez Neri destac\u00f3 que sin duda alguna, este evento es de suma importancia, y resalt\u00f3 que si algo encarna la ciudad educadora que ha impulsado, es precisamente el Observatorio de la Ciudad de Oaxaca.<\/p>\n\n\n\n<p>\u201cEste espacio est\u00e1 educando y reeducando todos los d\u00edas, y las propias personas que participan en este proceso educativo tambi\u00e9n est\u00e1n aprendiendo, todo mundo aprende\u201d, reconoci\u00f3.<\/p>\n\n\n\n<p>En ese aspecto, consider\u00f3 indispensable que como autoridades municipales, se requiere ponerle atenci\u00f3n a este espacio tan caracter\u00edstico de la capital y ver de qu\u00e9 manera se puede mejorar las condiciones del servicio, as\u00ed como de la calidad del mismo.<\/p>\n\n\n\n<p>\u201cPorque este es un lugar donde deben estar m\u00e1s de dos millones de personas, deben estar muchas personas m\u00e1s que vengan a conocer tantas cosas que desconocemos\u201d, refiri\u00f3.<\/p>\n\n\n\n<p>En ese sentido, dijo que es una gran fortuna, que haya sido su administraci\u00f3n, a quien le correspondiera los primeros 50 a\u00f1os, que se suma a la entrega de reconocimientos a las personas que han hecho mucho por la ciencia en Oaxaca.<\/p>\n\n\n\n<p>Por ello agradeci\u00f3 a los trabajadores del Observatorio que hacen el lugar un espacio de convivencia, de conocimiento y educaci\u00f3n, por lo que los llam\u00f3 a seguir trabajando en beneficio de Oaxaca.<\/p>\n\n\n\n<p>Durante el evento, el presidente municipal y la directora de Educaci\u00f3n, Ciencia y Tecnolog\u00eda Municipal, entregaron reconocimientos a mujeres creadoras de Ciencia 2023, as\u00ed como a los aliados del Centro Astron\u00f3mico Municipal y los trabajadores del municipio por su empe\u00f1o y dedicaci\u00f3n en el Observatorio.<\/p>\n\n\n\n<p>Los reconocimientos otorgados fueron para:<\/p>\n\n\n\n<p>Mujeres creadoras de ciencia 2023<\/p>\n\n\n\n<p>Mtra. Martha Eugenia Aguilar Gayt\u00e1n<br \/>Mtra. Edith Hortencia Brena Robles<br \/>Ni\u00f1a Jennifer Valentina Luna Ram\u00edrez<br \/>Lic. Rosario Eneida Hern\u00e1ndez P\u00e9rez<br \/>Mtra. Mar\u00eda Miriam Amos Cort\u00e9s Noh<\/p>\n\n\n\n<p>Del Observatorio Astron\u00f3mico Municipal<\/p>\n\n\n\n<p>C. Filiberto Cruz Zavaleta<br \/>C. Hector R\u00edos Hern\u00e1ndez<br \/>C. Maudel Bautista Mart\u00ednez<br \/>C. Jorge Olmedo Caballero<br \/>C. Rosalino Gudi\u00f1o Banderas<br \/>C. Julio Cesar Hern\u00e1ndez Cenovio<br \/>C. Jonathan Enrique Quir\u00f3z Dominguez<\/p>\n\n\n\n<p>Trabajadores del Municipio por su empe\u00f1o y dedicaci\u00f3n al Observatorio<\/p>\n\n\n\n<p>C. Carlos Roberto Aguilar Jim\u00e9nez<br \/>C. Aracely D\u00edaz Avenda\u00f1o<br \/>C. Esteban Pacheco Mart\u00ednez<br \/>C. Guadalupe Garc\u00eda Ramos<br \/>C. Juan Le\u00f3n Zurita<br \/>C. Alfonso Rodrigo Hern\u00e1ndez L\u00f3pez<br \/>C. Ismael Nava Melchor<br \/>C. Nemesio L\u00f3pez<\/p>\n","protected":false},"excerpt":{"rendered":"<p>\u25cf Este evento es de suma importancia, porque en el Observatorio Astron\u00f3mico Municipal \u00abse encarna&#8230;<\/p>\n","protected":false},"author":2,"featured_media":8182,"comment_status":"open","ping_status":"open","sticky":false,"template":"","format":"standard","meta":{"footnotes":""},"categories":[7],"tags":[],"jetpack_sharing_enabled":true,"featured_image_urls":{"full":"","thumbnail":"","medium":"","medium_large":"","large":"","1536x1536":"","2048x2048":"","covernews-slider-full":"","covernews-slider-center":"","covernews-featured":"","covernews-medium":"","covernews-medium-square":""},"author_info":{"display_name":"Miguel","author_link":"https:\/\/contextoanalisisperiodistico.com\/index.php\/author\/editor\/"},"category_info":"<a href=\"https:\/\/contextoanalisisperiodistico.com\/index.php\/category\/municipios\/\" rel=\"category tag\">Municipios<\/a>","tag_info":"Municipios","comment_count":"0","jetpack_featured_media_url":"","_links":{"self":[{"href":"https:\/\/contextoanalisisperiodistico.com\/index.php\/wp-json\/wp\/v2\/posts\/8180"}],"collection":[{"href":"https:\/\/contextoanalisisperiodistico.com\/index.php\/wp-json\/wp\/v2\/posts"}],"about":[{"href":"https:\/\/contextoanalisisperiodistico.com\/index.php\/wp-json\/wp\/v2\/types\/post"}],"author":[{"embeddable":true,"href":"https:\/\/contextoanalisisperiodistico.com\/index.php\/wp-json\/wp\/v2\/users\/2"}],"replies":[{"embeddable":true,"href":"https:\/\/contextoanalisisperiodistico.com\/index.php\/wp-json\/wp\/v2\/comments?post=8180"}],"version-history":[{"count":0,"href":"https:\/\/contextoanalisisperiodistico.com\/index.php\/wp-json\/wp\/v2\/posts\/8180\/revisions"}],"wp:featuredmedia":[{"embeddable":true,"href":"https:\/\/contextoanalisisperiodistico.com\/index.php\/wp-json\/"}],"wp:attachment":[{"href":"https:\/\/contextoanalisisperiodistico.com\/index.php\/wp-json\/wp\/v2\/media?parent=8180"}],"wp:term":[{"taxonomy":"category","embeddable":true,"href":"https:\/\/contextoanalisisperiodistico.com\/index.php\/wp-json\/wp\/v2\/categories?post=8180"},{"taxonomy":"post_tag","embeddable":true,"href":"https:\/\/contextoanalisisperiodistico.com\/index.php\/wp-json\/wp\/v2\/tags?post=8180"}],"curies":[{"name":"wp","href":"https:\/\/api.w.org\/{rel}","templated":true}]}}