{"id":8153,"date":"2023-02-09T19:13:48","date_gmt":"2023-02-10T01:13:48","guid":{"rendered":"http:\/\/contextoanalisisperiodistico.com.mx\/?p=8153"},"modified":"2023-02-09T19:13:48","modified_gmt":"2023-02-10T01:13:48","slug":"gobierno-del-estado-condena-emboscada-y-reafirma-el-compromiso-de-garantizar-retorno-y-pacificacion-a-la-zona-triqui","status":"publish","type":"post","link":"https:\/\/contextoanalisisperiodistico.com\/index.php\/2023\/02\/09\/gobierno-del-estado-condena-emboscada-y-reafirma-el-compromiso-de-garantizar-retorno-y-pacificacion-a-la-zona-triqui\/","title":{"rendered":"Gobierno del Estado condena emboscada y reafirma el  compromiso de garantizar  retorno y pacificaci\u00f3n a la zona Triqui"},"content":{"rendered":"<div id=\"fb-root\"><\/div>\n\n<p>Oaxaca de Ju\u00e1rez, Oax. a 09 de febrero de 2023. Ante los hechos ocurridos este 09 de febrero de 2023 en donde producto de una emboscada tres personas perdieron la vida en la zona Triqui, y ante las declaraciones del Movimiento de Unificaci\u00f3n y Lucha Triqui, la Subsecretar\u00eda de Derechos Humanos, Poblaci\u00f3n y Migraci\u00f3n, de la Secretar\u00eda de Gobernaci\u00f3n del Gobierno de M\u00e9xico, y el Gobierno del Estado de Oaxaca representado por la Secretar\u00eda de Gobierno y la Coordinaci\u00f3n para la Atenci\u00f3n de los Derechos Humanos expresamos lo siguiente:<\/p>\n\n\n\n<p><br \/>1.- Condenamos el asesinato de L.C.J, G.M.J y M.R.M, y hacemos un llamado respetuoso a la Fiscal\u00eda General del Estado de Oaxaca. para que en el \u00e1mbito de su competencia se realicen las investigaciones correspondientes tendientes al esclarecimiento y sanci\u00f3n de la o las personas responsables de los hechos violentos.<\/p>\n\n\n\n<ol start=\"2\">\n<li>Estos hechos se suscitan en el marco de la preparaci\u00f3n inmediata del retorno de las personas originarias de Tierra Blanca que se encuentran en situaci\u00f3n de desplazamiento forzado interno y en la v\u00edspera de la visita de las instituciones de los Gobiernos Federal y Estatal a Tierra Blanca, estos hechos se suman a los otros ocho eventos violentos que se tienen contabilizados desde el a\u00f1o 2022 a la fecha, que han dejado como resultado ocho asesinatos y otros delitos, los cuales tambi\u00e9n han ocurrido previo a los intentos de retorno.<\/li>\n\n\n\n<li>Esta situaci\u00f3n demuestra que existen actores e intereses que se oponen al retorno y a la pacificaci\u00f3n de la Naci\u00f3n Triqui.<\/li>\n\n\n\n<li>Ambos gobiernos, en un esfuerzo conjunto hemos abierto todos los canales de di\u00e1logo posibles, y construido los mecanismos para garantizar el retorno de las familias desplazadas y la pacificaci\u00f3n en la Naci\u00f3n Triqui, sin encontrar en distintos momentos la voluntad pol\u00edtica de sectores involucrados en la problem\u00e1tica, pese a ello y despu\u00e9s de un amplio di\u00e1logo se logr\u00f3 consensar una serie de acuerdos en los que se plasm\u00f3 la ruta cr\u00edtica de retorno, estos constan en la minuta de fecha 25 de enero del a\u00f1o que transcurre.<\/li>\n\n\n\n<li>Convocamos a las y los actores inmersos en el conflicto a respetar los acuerdos firmados, a actuar de manera genuina y anteponer la vida, dignidad y derechos humanos de las personas en situaci\u00f3n de desplazamiento forzado interno y en general de las personas Triquis, por encima de intereses pol\u00edticos, econ\u00f3micos o de otra \u00edndole.<\/li>\n<\/ol>\n\n\n\n<p>6.- Reafirmamos nuestro compromiso con la b\u00fasqueda de los mecanismos para garantizar el retorno y la pacificaci\u00f3n en la zona Triqui, desde un di\u00e1logo franco, abierto, p\u00fablico y sin simulaciones.<\/p>\n","protected":false},"excerpt":{"rendered":"<p>Oaxaca de Ju\u00e1rez, Oax. a 09 de febrero de 2023. Ante los hechos ocurridos este&#8230;<\/p>\n","protected":false},"author":2,"featured_media":8164,"comment_status":"open","ping_status":"open","sticky":false,"template":"","format":"standard","meta":{"footnotes":""},"categories":[9],"tags":[],"jetpack_sharing_enabled":true,"featured_image_urls":{"full":"","thumbnail":"","medium":"","medium_large":"","large":"","1536x1536":"","2048x2048":"","covernews-slider-full":"","covernews-slider-center":"","covernews-featured":"","covernews-medium":"","covernews-medium-square":""},"author_info":{"display_name":"Miguel","author_link":"https:\/\/contextoanalisisperiodistico.com\/index.php\/author\/editor\/"},"category_info":"<a href=\"https:\/\/contextoanalisisperiodistico.com\/index.php\/category\/politica\/\" rel=\"category tag\">Pol\u00edtica<\/a>","tag_info":"Pol\u00edtica","comment_count":"0","jetpack_featured_media_url":"","_links":{"self":[{"href":"https:\/\/contextoanalisisperiodistico.com\/index.php\/wp-json\/wp\/v2\/posts\/8153"}],"collection":[{"href":"https:\/\/contextoanalisisperiodistico.com\/index.php\/wp-json\/wp\/v2\/posts"}],"about":[{"href":"https:\/\/contextoanalisisperiodistico.com\/index.php\/wp-json\/wp\/v2\/types\/post"}],"author":[{"embeddable":true,"href":"https:\/\/contextoanalisisperiodistico.com\/index.php\/wp-json\/wp\/v2\/users\/2"}],"replies":[{"embeddable":true,"href":"https:\/\/contextoanalisisperiodistico.com\/index.php\/wp-json\/wp\/v2\/comments?post=8153"}],"version-history":[{"count":0,"href":"https:\/\/contextoanalisisperiodistico.com\/index.php\/wp-json\/wp\/v2\/posts\/8153\/revisions"}],"wp:featuredmedia":[{"embeddable":true,"href":"https:\/\/contextoanalisisperiodistico.com\/index.php\/wp-json\/"}],"wp:attachment":[{"href":"https:\/\/contextoanalisisperiodistico.com\/index.php\/wp-json\/wp\/v2\/media?parent=8153"}],"wp:term":[{"taxonomy":"category","embeddable":true,"href":"https:\/\/contextoanalisisperiodistico.com\/index.php\/wp-json\/wp\/v2\/categories?post=8153"},{"taxonomy":"post_tag","embeddable":true,"href":"https:\/\/contextoanalisisperiodistico.com\/index.php\/wp-json\/wp\/v2\/tags?post=8153"}],"curies":[{"name":"wp","href":"https:\/\/api.w.org\/{rel}","templated":true}]}}