{"id":8138,"date":"2023-02-09T17:58:10","date_gmt":"2023-02-09T23:58:10","guid":{"rendered":"http:\/\/contextoanalisisperiodistico.com.mx\/?p=8138"},"modified":"2023-02-09T17:58:10","modified_gmt":"2023-02-09T23:58:10","slug":"gobierno-capitalino-coloca-senales-preventivos-para-evitar-accidente-por-tapa-de-drenaje-en-centro-historico","status":"publish","type":"post","link":"https:\/\/contextoanalisisperiodistico.com\/index.php\/2023\/02\/09\/gobierno-capitalino-coloca-senales-preventivos-para-evitar-accidente-por-tapa-de-drenaje-en-centro-historico\/","title":{"rendered":"Gobierno capitalino coloca se\u00f1ales preventivos para evitar accidente por tapa de drenaje en Centro Hist\u00f3rico"},"content":{"rendered":"<div id=\"fb-root\"><\/div>\n\n<p>(*) Respuesta municipal a petici\u00f3n ciudadana <\/p>\n\n\n\n<p>Comunicado municipal: A partir de una denuncia en redes, personal del Departamento de Atenci\u00f3n y Operatividad, dependiente de la direcci\u00f3n de Protecci\u00f3n Civil, del Municipio de Oaxaca de Ju\u00e1rez, atiende reporte de tapa rota de registro de SAPAO, en la calle de Hidalgo, esq. Armenta y L\u00f3pez.<\/p>\n\n\n\n<figure class=\"wp-block-image size-large\"><img decoding=\"async\" src=\"https:\/\/contextoinformacionyanalisisperiodistico.files.wordpress.com\/2023\/02\/img-20230209-wa0105602983209756317756.jpg?w=1024\" alt=\"\" class=\"wp-image-8142\" \/><\/figure>\n\n\n\n<figure class=\"wp-block-image\"><img decoding=\"async\" src=\"https:\/\/contextoinformacionyanalisisperiodistico.files.wordpress.com\/2023\/02\/img-20230209-wa01048270837350946683136.jpg?w=1024\" alt=\"\" class=\"wp-image-8143\" \/><\/figure>\n\n\n\n<figure class=\"wp-block-image\"><img decoding=\"async\" src=\"https:\/\/contextoinformacionyanalisisperiodistico.files.wordpress.com\/2023\/02\/img-20230209-wa01068909678384789155428.jpg?w=1024\" alt=\"\" class=\"wp-image-8141\" \/><\/figure>\n\n\n\n<p> El personal realiza trabajos de se\u00f1alamiento respectivo y se pasa el reporte al \u00e1rea correspondiente para su pronta atenci\u00f3n.<\/p>\n","protected":false},"excerpt":{"rendered":"<p>(*) Respuesta municipal a petici\u00f3n ciudadana Comunicado municipal: A partir de una denuncia en redes,&#8230;<\/p>\n","protected":false},"author":2,"featured_media":8140,"comment_status":"open","ping_status":"open","sticky":false,"template":"","format":"standard","meta":{"footnotes":""},"categories":[3],"tags":[],"jetpack_sharing_enabled":true,"featured_image_urls":{"full":"","thumbnail":"","medium":"","medium_large":"","large":"","1536x1536":"","2048x2048":"","covernews-slider-full":"","covernews-slider-center":"","covernews-featured":"","covernews-medium":"","covernews-medium-square":""},"author_info":{"display_name":"Miguel","author_link":"https:\/\/contextoanalisisperiodistico.com\/index.php\/author\/editor\/"},"category_info":"<a href=\"https:\/\/contextoanalisisperiodistico.com\/index.php\/category\/ciudad\/\" rel=\"category tag\">Ciudad<\/a>","tag_info":"Ciudad","comment_count":"0","jetpack_featured_media_url":"","_links":{"self":[{"href":"https:\/\/contextoanalisisperiodistico.com\/index.php\/wp-json\/wp\/v2\/posts\/8138"}],"collection":[{"href":"https:\/\/contextoanalisisperiodistico.com\/index.php\/wp-json\/wp\/v2\/posts"}],"about":[{"href":"https:\/\/contextoanalisisperiodistico.com\/index.php\/wp-json\/wp\/v2\/types\/post"}],"author":[{"embeddable":true,"href":"https:\/\/contextoanalisisperiodistico.com\/index.php\/wp-json\/wp\/v2\/users\/2"}],"replies":[{"embeddable":true,"href":"https:\/\/contextoanalisisperiodistico.com\/index.php\/wp-json\/wp\/v2\/comments?post=8138"}],"version-history":[{"count":0,"href":"https:\/\/contextoanalisisperiodistico.com\/index.php\/wp-json\/wp\/v2\/posts\/8138\/revisions"}],"wp:featuredmedia":[{"embeddable":true,"href":"https:\/\/contextoanalisisperiodistico.com\/index.php\/wp-json\/"}],"wp:attachment":[{"href":"https:\/\/contextoanalisisperiodistico.com\/index.php\/wp-json\/wp\/v2\/media?parent=8138"}],"wp:term":[{"taxonomy":"category","embeddable":true,"href":"https:\/\/contextoanalisisperiodistico.com\/index.php\/wp-json\/wp\/v2\/categories?post=8138"},{"taxonomy":"post_tag","embeddable":true,"href":"https:\/\/contextoanalisisperiodistico.com\/index.php\/wp-json\/wp\/v2\/tags?post=8138"}],"curies":[{"name":"wp","href":"https:\/\/api.w.org\/{rel}","templated":true}]}}