{"id":8130,"date":"2023-02-09T17:13:20","date_gmt":"2023-02-09T23:13:20","guid":{"rendered":"http:\/\/contextoanalisisperiodistico.com.mx\/?p=8130"},"modified":"2023-02-09T17:13:20","modified_gmt":"2023-02-09T23:13:20","slug":"garantiza-servicios-a-la-ciudadania-clinica-de-especialidades-odontologicas-de-oaxaca","status":"publish","type":"post","link":"https:\/\/contextoanalisisperiodistico.com\/index.php\/2023\/02\/09\/garantiza-servicios-a-la-ciudadania-clinica-de-especialidades-odontologicas-de-oaxaca\/","title":{"rendered":"Garantiza servicios a la ciudadan\u00eda Cl\u00ednica de Especialidades Odontol\u00f3gicas de Oaxaca"},"content":{"rendered":"<div id=\"fb-root\"><\/div>\n\n<p><br>\u2022 Los SSO felicitan y reconocen la labor de las y los odont\u00f3logos oaxaque\u00f1os, en el marco del D\u00eda Nacional de este personal<\/p>\n\n\n\n<p><br>\u2022 La unidad cuenta con m\u00e1s de una d\u00e9cada de servir a la poblaci\u00f3n<\/p>\n\n\n\n<p>Oaxaca de Ju\u00e1rez, Oax., 09 de febrero de 2023.-En el marco del D\u00eda Nacional del personal de Odontolog\u00eda que se celebra este 9 de febrero, los Servicios de Salud de Oaxaca (SSO) felicitan y reconocen la labor, el compromiso y profesionalismo en la promoci\u00f3n, prevenci\u00f3n y cuidado de la salud bucal de las y los oaxaque\u00f1os.<br>Con la representaci\u00f3n de la secretaria de Salud, Alma Lilia Velasco Hern\u00e1ndez, la directora de la Cl\u00ednica de Especialidades Odontol\u00f3gicas (CEO) de la dependencia, Adelina Pi\u00f1\u00f3n L\u00f3pez se\u00f1al\u00f3 que el trabajo que realizan las y los dentistas oaxaque\u00f1os ha dado resultados integrales en la prevenci\u00f3n de padecimientos m\u00e9dicos graves que se generan por la falta de higiene bucal o malos h\u00e1bitos.<br>En este sentido, destac\u00f3 que la unidad m\u00e9dica que se ubica en la calle de Independencia n\u00famero 13, en San Bartolo Coyotepec, cuenta con m\u00e1s de una d\u00e9cada al servicio del pueblo de Oaxaca, enfocada a la mejora continua para la prevenci\u00f3n, atenci\u00f3n restaurativa y correctiva de la salud bucodental.<br>Explic\u00f3 que este centro de especialidad enfocado a la atenci\u00f3n de las personas sin seguridad social, ofrece anualmente m\u00e1s de 11 mil servicios en las especialidades de odontopediatr\u00eda, periodoncia, ortodoncia, cirug\u00eda maxilofacial, pr\u00f3tesis maxilofacial, pr\u00f3tesis bucal, endodoncias, pr\u00f3tesis total, patolog\u00eda bucal, y prostodoncia total.<\/p>\n\n\n\n<figure class=\"wp-block-image size-large\"><img decoding=\"async\" src=\"https:\/\/contextoinformacionyanalisisperiodistico.files.wordpress.com\/2023\/02\/img-20230209-wa00967869087521596896857.jpg?w=1024\" alt=\"\" class=\"wp-image-8134\" \/><\/figure>\n\n\n\n<figure class=\"wp-block-image\"><img decoding=\"async\" src=\"https:\/\/contextoinformacionyanalisisperiodistico.files.wordpress.com\/2023\/02\/img-20230209-wa00958407938161027647403.jpg?w=1024\" alt=\"\" class=\"wp-image-8133\" \/><\/figure>\n\n\n\n<figure class=\"wp-block-image\"><img decoding=\"async\" src=\"https:\/\/contextoinformacionyanalisisperiodistico.files.wordpress.com\/2023\/02\/img-20230209-wa00973173167788286663813.jpg?w=1024\" alt=\"\" class=\"wp-image-8132\" \/><\/figure>\n\n\n\n<p>Inform\u00f3 que recientemente se abri\u00f3 la especialidad de implantolog\u00eda, encargada de la realizaci\u00f3n de tratamientos con implantes dentales, que mejoran la salud bucal del paciente, facilitan la alimentaci\u00f3n y permiten tener mejor acceso a los dientes permitiendo la higiene bucal.<br \/>Pi\u00f1\u00f3n L\u00f3pez destac\u00f3 que en esta cl\u00ednica se realiza el diagn\u00f3stico temprano de c\u00e1ncer oral y otras lesiones, por lo que se revisan pacientes con enfermedades como \u00falceras, placas blancas, placas rojas y se extrae tejido (biopsia), para ser examinados por un pat\u00f3logo, para detectar c\u00e1ncer.<br \/>Cabe destacar que la unidad se encuentra abierta los 365 d\u00edas del a\u00f1o, en un horario de 8:00 a.m. a 8:00 p.m. de lunes a domingo, incluyendo d\u00edas festivos.<br \/>La CEO cuenta con m\u00e1s de 20 trabajadores: 12 especialistas, una odont\u00f3loga, enfermera, personal administrativo y 10 pasantes en servicio social.<\/p>\n\n\n\n<p>-0-<\/p>\n","protected":false},"excerpt":{"rendered":"<p>\u2022 Los SSO felicitan y reconocen la labor de las y los odont\u00f3logos oaxaque\u00f1os, en&#8230;<\/p>\n","protected":false},"author":2,"featured_media":8131,"comment_status":"open","ping_status":"open","sticky":false,"template":"","format":"standard","meta":{"footnotes":""},"categories":[7],"tags":[],"jetpack_sharing_enabled":true,"featured_image_urls":{"full":"","thumbnail":"","medium":"","medium_large":"","large":"","1536x1536":"","2048x2048":"","covernews-slider-full":"","covernews-slider-center":"","covernews-featured":"","covernews-medium":"","covernews-medium-square":""},"author_info":{"display_name":"Miguel","author_link":"https:\/\/contextoanalisisperiodistico.com\/index.php\/author\/editor\/"},"category_info":"<a href=\"https:\/\/contextoanalisisperiodistico.com\/index.php\/category\/municipios\/\" rel=\"category tag\">Municipios<\/a>","tag_info":"Municipios","comment_count":"0","jetpack_featured_media_url":"","_links":{"self":[{"href":"https:\/\/contextoanalisisperiodistico.com\/index.php\/wp-json\/wp\/v2\/posts\/8130"}],"collection":[{"href":"https:\/\/contextoanalisisperiodistico.com\/index.php\/wp-json\/wp\/v2\/posts"}],"about":[{"href":"https:\/\/contextoanalisisperiodistico.com\/index.php\/wp-json\/wp\/v2\/types\/post"}],"author":[{"embeddable":true,"href":"https:\/\/contextoanalisisperiodistico.com\/index.php\/wp-json\/wp\/v2\/users\/2"}],"replies":[{"embeddable":true,"href":"https:\/\/contextoanalisisperiodistico.com\/index.php\/wp-json\/wp\/v2\/comments?post=8130"}],"version-history":[{"count":0,"href":"https:\/\/contextoanalisisperiodistico.com\/index.php\/wp-json\/wp\/v2\/posts\/8130\/revisions"}],"wp:featuredmedia":[{"embeddable":true,"href":"https:\/\/contextoanalisisperiodistico.com\/index.php\/wp-json\/"}],"wp:attachment":[{"href":"https:\/\/contextoanalisisperiodistico.com\/index.php\/wp-json\/wp\/v2\/media?parent=8130"}],"wp:term":[{"taxonomy":"category","embeddable":true,"href":"https:\/\/contextoanalisisperiodistico.com\/index.php\/wp-json\/wp\/v2\/categories?post=8130"},{"taxonomy":"post_tag","embeddable":true,"href":"https:\/\/contextoanalisisperiodistico.com\/index.php\/wp-json\/wp\/v2\/tags?post=8130"}],"curies":[{"name":"wp","href":"https:\/\/api.w.org\/{rel}","templated":true}]}}