{"id":8122,"date":"2023-02-09T16:57:17","date_gmt":"2023-02-09T22:57:17","guid":{"rendered":"http:\/\/contextoanalisisperiodistico.com.mx\/?p=8122"},"modified":"2023-02-09T16:57:17","modified_gmt":"2023-02-09T22:57:17","slug":"inaugura-francisco-martinez-neri-etapa-valles-centrales-de-los-juegos-nacionales-conade-2023","status":"publish","type":"post","link":"https:\/\/contextoanalisisperiodistico.com\/index.php\/2023\/02\/09\/inaugura-francisco-martinez-neri-etapa-valles-centrales-de-los-juegos-nacionales-conade-2023\/","title":{"rendered":"Inaugura Francisco Mart\u00ednez Neri etapa Valles Centrales de los Juegos Nacionales CONADE 2023"},"content":{"rendered":"<div id=\"fb-root\"><\/div>\n\n<p>\u2022 M\u00e1s de 800 deportistas participar\u00e1n en la fase Municipal-Regional Valles Centrales.<\/p>\n\n\n\n<figure class=\"wp-block-image size-large\"><img decoding=\"async\" src=\"https:\/\/contextoinformacionyanalisisperiodistico.files.wordpress.com\/2023\/02\/img-20230209-wa00727752385360982490456.jpg?w=1024\" alt=\"\" class=\"wp-image-8125\" \/><\/figure>\n\n\n\n<figure class=\"wp-block-image\"><img decoding=\"async\" src=\"https:\/\/contextoinformacionyanalisisperiodistico.files.wordpress.com\/2023\/02\/img-20230209-wa00762166593331810093873.jpg?w=1024\" alt=\"\" class=\"wp-image-8126\" \/><\/figure>\n\n\n\n<figure class=\"wp-block-image\"><img decoding=\"async\" src=\"https:\/\/contextoinformacionyanalisisperiodistico.files.wordpress.com\/2023\/02\/img-20230209-wa00771426189128120307573.jpg?w=683\" alt=\"\" class=\"wp-image-8127\" \/><\/figure>\n\n\n\n<figure class=\"wp-block-image\"><img decoding=\"async\" src=\"https:\/\/contextoinformacionyanalisisperiodistico.files.wordpress.com\/2023\/02\/img-20230209-wa00752073786540808186385.jpg?w=1024\" alt=\"\" class=\"wp-image-8128\" \/><\/figure>\n\n\n\n<figure class=\"wp-block-image\"><img decoding=\"async\" src=\"https:\/\/contextoinformacionyanalisisperiodistico.files.wordpress.com\/2023\/02\/img-20230209-wa00744762194425896439924.jpg?w=1024\" alt=\"\" class=\"wp-image-8124\" \/><\/figure>\n\n\n\n<p>Esta ma\u00f1ana se llev\u00f3 a cabo la inauguraci\u00f3n de la etapa municipal &#8211; regional de Valles Centrales de los juegos nacionales CONADE 2023, encabezada por el presidente municipal de Oaxaca de Ju\u00e1rez, Francisco Mart\u00ednez Neri, quien les dese\u00f3 a las y los participantes el mayor de los \u00e9xitos y asegur\u00f3 que s\u00f3lo se obtiene a base de esfuerzo y constancia.<\/p>\n\n\n\n<p>En su mensaje, el edil capitalino indic\u00f3 que la vida es una constante competencia donde se compite bajo reglas, leyes y reglamentos, y que como en el deporte, esas reglas tienen que ser respetadas.<\/p>\n\n\n\n<p>\u201cLes deseo \u00e9xito a todas y todos, que consigan sus prop\u00f3sitos y que sepan que cuando no se consiguen en alg\u00fan momento, es porque vienen mejores etapas y debemos prepararnos mejor\u201d, declar\u00f3.<\/p>\n\n\n\n<p>En representaci\u00f3n del gobernador del estado, Salom\u00f3n Jara Cruz, asisti\u00f3 el director del Instituto del Deporte de Oaxaca, Arturo de Jes\u00fas Ch\u00e1vez Ram\u00edrez, as\u00ed mismo estuvieron presentes el director del Instituto Municipal del Deporte, Porfirio Santill\u00e1n Miguel, la regidora de Deporte y Juventud y de Atenci\u00f3n a Grupos en Situaci\u00f3n de Vulnerabilidad, Jocabed Betanzos Vel\u00e1zquez, el presidente del Consejo Consultivo del Deporte del Municipio de Oaxaca de Ju\u00e1rez, Rafael Antonio Gonz\u00e1lez, la s\u00edndico Primera Municipal, Nancy Belem Mota Figueroa, la regidora de Hacienda Municipal y de Transparencia y Gobierno Abierto, Judith Carre\u00f1o Hern\u00e1ndez, la regidora de Gobierno y Espect\u00e1culos y de Turismo, Adriana Morales S\u00e1nchez y el regidor de Bienestar y de Normatividad y Nomenclatura Municipal, Rene Ric\u00e1rdez Lim\u00f3n.<\/p>\n\n\n\n<p>En su participaci\u00f3n, el director del Instituto del Deporte de Oaxaca, Arturo de Jes\u00fas Ch\u00e1vez Ram\u00edrez, agradeci\u00f3 el apoyo del municipio, pues trabajando de manera conjunta se fomenta el desarrollo de la cultura f\u00edsica y el deporte en todas sus manifestaciones y expresiones.<\/p>\n\n\n\n<p>Asimismo, se\u00f1al\u00f3 que la convocatoria tuvo muy buenos resultados y que tras una semana de registros y de realizarse la junta previa, la cual fue encabezada por el titular del Instituto Municipal del Deporte, las y los competidores de los diferentes municipios de Valles Centrales buscar\u00e1n el boleto a la etapa estatal.<\/p>\n\n\n\n<p>Cabe se\u00f1alar que las disciplinas que m\u00e1s jugadores aglutinan son b\u00e1squetbol y voleibol de sala, sumando m\u00e1s de 70 escuadras.<\/p>\n\n\n\n<p>Tambi\u00e9n se convoc\u00f3 en la modalidad de b\u00e1squetbol 3&#215;3 y voleibol de playa.<\/p>\n\n\n\n<p>En las disciplinas de b\u00e9isbol y softbol, las selecciones de la Liga Infantil y Juvenil Monte Alb\u00e1n, y la Liga de Softbol Oaxaca, respectivamente, pasaron a la siguiente ronda, al no presentarse otro representante. Y por \u00faltimo, el f\u00fatbol asociaci\u00f3n tendr\u00e1 participaci\u00f3n solamente en la rama femenil, mientras que en ajedrez competir\u00e1n m\u00e1s de 30 deportistas.<\/p>\n","protected":false},"excerpt":{"rendered":"<p>\u2022 M\u00e1s de 800 deportistas participar\u00e1n en la fase Municipal-Regional Valles Centrales. Esta ma\u00f1ana se&#8230;<\/p>\n","protected":false},"author":2,"featured_media":8123,"comment_status":"open","ping_status":"open","sticky":false,"template":"","format":"standard","meta":{"footnotes":""},"categories":[7],"tags":[],"jetpack_sharing_enabled":true,"featured_image_urls":{"full":"","thumbnail":"","medium":"","medium_large":"","large":"","1536x1536":"","2048x2048":"","covernews-slider-full":"","covernews-slider-center":"","covernews-featured":"","covernews-medium":"","covernews-medium-square":""},"author_info":{"display_name":"Miguel","author_link":"https:\/\/contextoanalisisperiodistico.com\/index.php\/author\/editor\/"},"category_info":"<a href=\"https:\/\/contextoanalisisperiodistico.com\/index.php\/category\/municipios\/\" rel=\"category tag\">Municipios<\/a>","tag_info":"Municipios","comment_count":"0","jetpack_featured_media_url":"","_links":{"self":[{"href":"https:\/\/contextoanalisisperiodistico.com\/index.php\/wp-json\/wp\/v2\/posts\/8122"}],"collection":[{"href":"https:\/\/contextoanalisisperiodistico.com\/index.php\/wp-json\/wp\/v2\/posts"}],"about":[{"href":"https:\/\/contextoanalisisperiodistico.com\/index.php\/wp-json\/wp\/v2\/types\/post"}],"author":[{"embeddable":true,"href":"https:\/\/contextoanalisisperiodistico.com\/index.php\/wp-json\/wp\/v2\/users\/2"}],"replies":[{"embeddable":true,"href":"https:\/\/contextoanalisisperiodistico.com\/index.php\/wp-json\/wp\/v2\/comments?post=8122"}],"version-history":[{"count":0,"href":"https:\/\/contextoanalisisperiodistico.com\/index.php\/wp-json\/wp\/v2\/posts\/8122\/revisions"}],"wp:featuredmedia":[{"embeddable":true,"href":"https:\/\/contextoanalisisperiodistico.com\/index.php\/wp-json\/"}],"wp:attachment":[{"href":"https:\/\/contextoanalisisperiodistico.com\/index.php\/wp-json\/wp\/v2\/media?parent=8122"}],"wp:term":[{"taxonomy":"category","embeddable":true,"href":"https:\/\/contextoanalisisperiodistico.com\/index.php\/wp-json\/wp\/v2\/categories?post=8122"},{"taxonomy":"post_tag","embeddable":true,"href":"https:\/\/contextoanalisisperiodistico.com\/index.php\/wp-json\/wp\/v2\/tags?post=8122"}],"curies":[{"name":"wp","href":"https:\/\/api.w.org\/{rel}","templated":true}]}}