{"id":8106,"date":"2023-02-09T12:08:09","date_gmt":"2023-02-09T18:08:09","guid":{"rendered":"http:\/\/contextoanalisisperiodistico.com.mx\/?p=8106"},"modified":"2023-02-09T12:08:09","modified_gmt":"2023-02-09T18:08:09","slug":"no-es-tema-de-situacion-de-calle-ni-vulnerabilidad-adulto-mayor-reclama-el-derecho-a-la-libertad-sin-ser-molestado","status":"publish","type":"post","link":"https:\/\/contextoanalisisperiodistico.com\/index.php\/2023\/02\/09\/no-es-tema-de-situacion-de-calle-ni-vulnerabilidad-adulto-mayor-reclama-el-derecho-a-la-libertad-sin-ser-molestado\/","title":{"rendered":"No es tema de situaci\u00f3n de calle ni vulnerabilidad; adulto mayor reclama el derecho a la libertad, sin ser molestado"},"content":{"rendered":"<div id=\"fb-root\"><\/div>\n\n<p><em>Tarjeta informativa<\/em> municipal de Oaxaca de Ju\u00e1rez: <\/p>\n\n\n\n<figure class=\"wp-block-image size-large\"><img decoding=\"async\" src=\"https:\/\/contextoinformacionyanalisisperiodistico.files.wordpress.com\/2023\/02\/img-20230209-wa00438305654339064517238.jpg?w=769\" alt=\"\" class=\"wp-image-8104\" \/><\/figure>\n\n\n\n<figure class=\"wp-block-image\"><img decoding=\"async\" src=\"https:\/\/contextoinformacionyanalisisperiodistico.files.wordpress.com\/2023\/02\/img-20230209-wa00443046703979710598910.jpg?w=1024\" alt=\"\" class=\"wp-image-8105\" \/><\/figure>\n\n\n\n<figure class=\"wp-block-image\"><img decoding=\"async\" src=\"https:\/\/contextoinformacionyanalisisperiodistico.files.wordpress.com\/2023\/02\/img-20230209-wa004167753238047151891.jpg?w=837\" alt=\"\" class=\"wp-image-8101\" \/><\/figure>\n\n\n\n<figure class=\"wp-block-image\"><img decoding=\"async\" src=\"https:\/\/contextoinformacionyanalisisperiodistico.files.wordpress.com\/2023\/02\/img-20230209-wa00402079370760008051619.jpg?w=789\" alt=\"\" class=\"wp-image-8102\" \/><\/figure>\n\n\n\n<figure class=\"wp-block-image\"><img decoding=\"async\" src=\"https:\/\/contextoinformacionyanalisisperiodistico.files.wordpress.com\/2023\/02\/img-20230209-wa00421568885990848182879.jpg?w=1024\" alt=\"\" class=\"wp-image-8103\" \/><\/figure>\n\n\n\n<p>En atenci\u00f3n a las reiteradas peticiones de apoyo publicadas en diversas redes sociales,<br>respecto de un adulto mayor, presuntamente abandonado en la v\u00eda p\u00fablica, en el sector de la<br>Unidad Habitacional \u00abRicardo Flores Mag\u00f3n\u00bb, Primera Etapa, del Municipio de Oaxaca de Ju\u00e1rez, informamos: <\/p>\n\n\n\n<p>Personal del Comit\u00e9 Municipal del Sistema para el Desarrollo Integral de la Familia de las \u00c1reas de Trabajo Social, M\u00e9dicay Jur\u00eddica, por segunda ocasi\u00f3n, se trasladaron a la direcci\u00f3n de referencia, ubicando al adulto<br>mayor que responde al nombre de Evaristo Rodr\u00edguez Gonz\u00e1lez, a quien se le brind\u00f3 la siguiente atenci\u00f3n:<\/p>\n\n\n\n<p>Se le ofreci\u00f3 nuevamente la posibilidad de ser ingresado para su resguardo y protecci\u00f3n en la Casa Hogar del Dif Municipal, a lo que el C. Evaristo Rodr\u00edguez Gonz\u00e1lez, se neg\u00f3 y manifest\u00f3 no encontrarse en situaci\u00f3n de calle ni vulnerabilidad, y que, no obstante que por su discapacidad requiere del uso de una silla de ruedas, por lo que es su derecho el trasladarse por las calles de esta y de cualquier ciudad, libremente y sin ser molestado.<\/p>\n\n\n\n<p>Nuevamente se realiz\u00f3 valoraci\u00f3n m\u00e9dica al C. Evaristo Rodr\u00edguez Gonz\u00e1lez por parte del m\u00e9dico<br>titular de la Casa Hogar del DIF Municipal, informando que no presentaba lesiones, golpes, sano mentalmente y que no se encontraba bajo el influjo de alguna droga ni en estado de ebriedad.<\/p>\n\n\n\n<p>El d\u00eda de hoy acuden nuevamente en su apoyo para hacerse cargo, y que buscan en todo momento, asegurar su derecho a una vida con calidad, a un 8trato digno, a la salud, alimentaci\u00f3n y familia.<\/p>\n\n\n\n<p>Aunado a esto, se logr\u00f3 establecer contacto con los CC. Gloria Rodr\u00edguez Patillo e Iv\u00e1n David<br>Rodr\u00edguez Rodr\u00edguez, esposa e hijo del C. Evaristo Rodr\u00edguez Gonz\u00e1lez, quienes se presentaron en<br>ese momento al lugar en donde se brindaba atenci\u00f3n al C. Evaristo Rodr\u00edguez Gonz\u00e1lez, y<br>manifestaron que no obstante que en reiteradas ocasiones han procurado que el C. Evaristo<br>Rodr\u00edguez Gonz\u00e1lez permanezca en el domicilio de alguno de sus hijos o en alg\u00fan asilo para<br>Adultos Mayores y que \u00e9ste se ha negado reiteradamente. <\/p>\n\n\n\n<p>Por lo anterior, toda vez que el C. Evaristo Rodr\u00edguez Gonz\u00e1lez se encuentra en pleno uso de sus facultades mentales y que en uso y goce de sus derechos fundamentales manifiesta que es su<br>voluntad no ser asistido por esta Instituci\u00f3n, y que sus familiares manifestaron que se har\u00edan cargo de su atenci\u00f3n, concluimos las actividades realizadas retir\u00e1ndonos de ese lugar.<\/p>\n\n\n\n<p>Se anexa a la presente, reporte fotogr\u00e1fico de la atenci\u00f3n brindada por personal del Comit\u00e9 del<br \/>Sistema para el Desarrollo Integral de la Familia.<\/p>\n","protected":false},"excerpt":{"rendered":"<p>Tarjeta informativa municipal de Oaxaca de Ju\u00e1rez: En atenci\u00f3n a las reiteradas peticiones de apoyo&#8230;<\/p>\n","protected":false},"author":2,"featured_media":8100,"comment_status":"open","ping_status":"open","sticky":false,"template":"","format":"standard","meta":{"footnotes":""},"categories":[3],"tags":[],"jetpack_sharing_enabled":true,"featured_image_urls":{"full":"","thumbnail":"","medium":"","medium_large":"","large":"","1536x1536":"","2048x2048":"","covernews-slider-full":"","covernews-slider-center":"","covernews-featured":"","covernews-medium":"","covernews-medium-square":""},"author_info":{"display_name":"Miguel","author_link":"https:\/\/contextoanalisisperiodistico.com\/index.php\/author\/editor\/"},"category_info":"<a href=\"https:\/\/contextoanalisisperiodistico.com\/index.php\/category\/ciudad\/\" rel=\"category tag\">Ciudad<\/a>","tag_info":"Ciudad","comment_count":"0","jetpack_featured_media_url":"","_links":{"self":[{"href":"https:\/\/contextoanalisisperiodistico.com\/index.php\/wp-json\/wp\/v2\/posts\/8106"}],"collection":[{"href":"https:\/\/contextoanalisisperiodistico.com\/index.php\/wp-json\/wp\/v2\/posts"}],"about":[{"href":"https:\/\/contextoanalisisperiodistico.com\/index.php\/wp-json\/wp\/v2\/types\/post"}],"author":[{"embeddable":true,"href":"https:\/\/contextoanalisisperiodistico.com\/index.php\/wp-json\/wp\/v2\/users\/2"}],"replies":[{"embeddable":true,"href":"https:\/\/contextoanalisisperiodistico.com\/index.php\/wp-json\/wp\/v2\/comments?post=8106"}],"version-history":[{"count":0,"href":"https:\/\/contextoanalisisperiodistico.com\/index.php\/wp-json\/wp\/v2\/posts\/8106\/revisions"}],"wp:featuredmedia":[{"embeddable":true,"href":"https:\/\/contextoanalisisperiodistico.com\/index.php\/wp-json\/"}],"wp:attachment":[{"href":"https:\/\/contextoanalisisperiodistico.com\/index.php\/wp-json\/wp\/v2\/media?parent=8106"}],"wp:term":[{"taxonomy":"category","embeddable":true,"href":"https:\/\/contextoanalisisperiodistico.com\/index.php\/wp-json\/wp\/v2\/categories?post=8106"},{"taxonomy":"post_tag","embeddable":true,"href":"https:\/\/contextoanalisisperiodistico.com\/index.php\/wp-json\/wp\/v2\/tags?post=8106"}],"curies":[{"name":"wp","href":"https:\/\/api.w.org\/{rel}","templated":true}]}}