{"id":8095,"date":"2023-02-08T21:46:37","date_gmt":"2023-02-09T03:46:37","guid":{"rendered":"http:\/\/contextoanalisisperiodistico.com.mx\/?p=8095"},"modified":"2023-02-08T21:46:37","modified_gmt":"2023-02-09T03:46:37","slug":"rectifican-y-devuelven-baston-de-mando-arrebatado-al-senador-adolfo-gomez","status":"publish","type":"post","link":"https:\/\/contextoanalisisperiodistico.com\/index.php\/2023\/02\/08\/rectifican-y-devuelven-baston-de-mando-arrebatado-al-senador-adolfo-gomez\/","title":{"rendered":"Rectifican y devuelven bast\u00f3n de mando arrebatado al Senador Adolfo G\u00f3mez"},"content":{"rendered":"<div id=\"fb-root\"><\/div>\n\n<p>&nbsp;<\/p>\n\n\n\n<p>\u00b7&nbsp;&nbsp;&nbsp;&nbsp;&nbsp;&nbsp;&nbsp;&nbsp;<em>llama a respetar la dimensi\u00f3n, la historia y el misticismo de los pueblos originarios y comunidades<\/em><\/p>\n\n\n\n<p>&nbsp;<\/p>\n\n\n\n<p>CDMX &#8211; El Senador por Oaxaca, Adolfo G\u00f3mez se pronunci\u00f3 este d\u00eda en el marco de la devoluci\u00f3n de la bandera y de su bast\u00f3n de mando que le fueron arrebatados de forma violenta el pasado 12 de octubre en el Templo Mayor mientras enviaba un mensaje p\u00fablico en el marco de la conmemoraci\u00f3n de&nbsp; la resistencia de nuestros pueblos originarios.<\/p>\n\n\n\n<p>En conferencia de prensa el legislador oaxaque\u00f1o agradeci\u00f3 la devoluci\u00f3n de su bast\u00f3n de mando e insisti\u00f3 en que este es \u00abs\u00edmbolo de justicia y confianza por parte de los pueblos originarios de Oaxaca y del territorio nacional\u00bb.&nbsp;<\/p>\n\n\n\n<p>Destac\u00f3 que el arraigo cultural y el misticismo de los pueblos se debe respetar,&nbsp; recalcando la importancia del d\u00eda de la resistencia para las comunidades.<\/p>\n\n\n\n<p>A los pueblos originarios \u00abno nos exterminar\u00e1n, seguiremos reivindicando y exigiendo Justicia por los atropellos a nuestra cultura pues tenemos memoria\u00bb se\u00f1al\u00f3 el Senador.<\/p>\n\n\n\n<p>Adolfo G\u00f3mez reprob\u00f3 los actos violentos y discriminadores que ejercen colaboradores del Museo del Templo Mayor, por indicaci\u00f3n de su directora, Patricia Ledesma.&nbsp;<\/p>\n\n\n\n<p>Por otra parte, agradeci\u00f3 al Lic. Eduardo Garc\u00eda Torres, &nbsp;Director de Asuntos de lo Contencioso del Instituto Nacional de Antropolog\u00eda e Historia por el apoyo y la devoluci\u00f3n del bast\u00f3n de mando.<\/p>\n\n\n\n<figure class=\"wp-block-image size-large\"><img decoding=\"async\" src=\"https:\/\/contextoinformacionyanalisisperiodistico.files.wordpress.com\/2023\/02\/foto33694333502236529198..jpg?w=1024\" alt=\"\" class=\"wp-image-8097\" \/><\/figure>\n\n\n\n<figure class=\"wp-block-image\"><img decoding=\"async\" src=\"https:\/\/contextoinformacionyanalisisperiodistico.files.wordpress.com\/2023\/02\/foto26408598616190323828..jpg?w=1024\" alt=\"\" class=\"wp-image-8098\" \/><\/figure>\n","protected":false},"excerpt":{"rendered":"<p>&nbsp; \u00b7&nbsp;&nbsp;&nbsp;&nbsp;&nbsp;&nbsp;&nbsp;&nbsp;llama a respetar la dimensi\u00f3n, la historia y el misticismo de los pueblos originarios&#8230;<\/p>\n","protected":false},"author":2,"featured_media":8096,"comment_status":"open","ping_status":"open","sticky":false,"template":"","format":"standard","meta":{"footnotes":""},"categories":[6],"tags":[],"jetpack_sharing_enabled":true,"featured_image_urls":{"full":"","thumbnail":"","medium":"","medium_large":"","large":"","1536x1536":"","2048x2048":"","covernews-slider-full":"","covernews-slider-center":"","covernews-featured":"","covernews-medium":"","covernews-medium-square":""},"author_info":{"display_name":"Miguel","author_link":"https:\/\/contextoanalisisperiodistico.com\/index.php\/author\/editor\/"},"category_info":"<a href=\"https:\/\/contextoanalisisperiodistico.com\/index.php\/category\/legislatura\/\" rel=\"category tag\">Legislatura<\/a>","tag_info":"Legislatura","comment_count":"0","jetpack_featured_media_url":"","_links":{"self":[{"href":"https:\/\/contextoanalisisperiodistico.com\/index.php\/wp-json\/wp\/v2\/posts\/8095"}],"collection":[{"href":"https:\/\/contextoanalisisperiodistico.com\/index.php\/wp-json\/wp\/v2\/posts"}],"about":[{"href":"https:\/\/contextoanalisisperiodistico.com\/index.php\/wp-json\/wp\/v2\/types\/post"}],"author":[{"embeddable":true,"href":"https:\/\/contextoanalisisperiodistico.com\/index.php\/wp-json\/wp\/v2\/users\/2"}],"replies":[{"embeddable":true,"href":"https:\/\/contextoanalisisperiodistico.com\/index.php\/wp-json\/wp\/v2\/comments?post=8095"}],"version-history":[{"count":0,"href":"https:\/\/contextoanalisisperiodistico.com\/index.php\/wp-json\/wp\/v2\/posts\/8095\/revisions"}],"wp:featuredmedia":[{"embeddable":true,"href":"https:\/\/contextoanalisisperiodistico.com\/index.php\/wp-json\/"}],"wp:attachment":[{"href":"https:\/\/contextoanalisisperiodistico.com\/index.php\/wp-json\/wp\/v2\/media?parent=8095"}],"wp:term":[{"taxonomy":"category","embeddable":true,"href":"https:\/\/contextoanalisisperiodistico.com\/index.php\/wp-json\/wp\/v2\/categories?post=8095"},{"taxonomy":"post_tag","embeddable":true,"href":"https:\/\/contextoanalisisperiodistico.com\/index.php\/wp-json\/wp\/v2\/tags?post=8095"}],"curies":[{"name":"wp","href":"https:\/\/api.w.org\/{rel}","templated":true}]}}