{"id":8088,"date":"2023-02-08T20:52:54","date_gmt":"2023-02-09T02:52:54","guid":{"rendered":"http:\/\/contextoanalisisperiodistico.com.mx\/?p=8088"},"modified":"2023-02-08T20:52:54","modified_gmt":"2023-02-09T02:52:54","slug":"firman-ayuntamiento-capitalino-gobierno-del-estado-y-organizaciones-acuerdo-para-dignificacion-del-mercado-de-abasto","status":"publish","type":"post","link":"https:\/\/contextoanalisisperiodistico.com\/index.php\/2023\/02\/08\/firman-ayuntamiento-capitalino-gobierno-del-estado-y-organizaciones-acuerdo-para-dignificacion-del-mercado-de-abasto\/","title":{"rendered":"Firman Ayuntamiento capitalino, Gobierno del Estado y organizaciones, acuerdo para dignificaci\u00f3n del Mercado de Abasto"},"content":{"rendered":"<div id=\"fb-root\"><\/div>\n\n<p>El presidente municipal de Oaxaca de Ju\u00e1rez, Francisco Mart\u00ednez Neri, junto con el gobernador del estado, Salom\u00f3n Jara Cruz, as\u00ed como funcionariado estatal y municipal, en presencia de presidentes y representantes de organizaciones del mercado de abasto, signaron esta tarde un acuerdo para la dignificaci\u00f3n del mercado m\u00e1s grande e importante de Oaxaca.<\/p>\n\n\n\n<p>\u201cEn el mercado existen diversos problemas, de seguridad, de vialidad, de grupos vulnerables, una serie de problemas que requieren la atenci\u00f3n de los gobiernos y solamente unidos, gobierno estatal y municipal, podremos lograr la soluci\u00f3n de los mismos y en coordinaci\u00f3n con los diversos liderazgos del mercado podremos dignificarlo, se\u00f1al\u00f3 Mart\u00ednez Neri.<\/p>\n\n\n\n<p>En aras de dignificar y establecer mecanismos de seguridad que permitan el comercio y la visita de los miles de ciudadanos oaxaque\u00f1os y turistas nacionales e internacionales que visitan este importante mercado, el ayuntamiento capitalino establece en coordinaci\u00f3n con el gobierno del estado estrategias que permitir\u00e1n que este espacio tenga otras posibilidades de expresi\u00f3n y sea un mercado bien visto por todos, donde haya paz y seguridad p\u00fablica, donde todos puedan llegar a realizar sus compras con confianza.<\/p>\n\n\n\n<p>Mart\u00ednez Neri se\u00f1al\u00f3 que los trabajos inician con la importante inversi\u00f3n que realizar\u00e1 el gobierno federal en el \u00e1rea de comedores y pan, que proyectar\u00e1 una nueva imagen de la zona.<\/p>\n\n\n\n<p>El gobernador del estado, Salom\u00f3n Jara Cruz agradeci\u00f3 la asistencia de los l\u00edderes del mercado a esta reuni\u00f3n, as\u00ed como la voluntad del edil capitalino, funcionarios y regidores municipales que lo acompa\u00f1aron, por darse cita a esta importante reuni\u00f3n que es el resultado de varias semanas de trabajo para poder realizar una serie de actividades para que ese importante espacio comercial se dignifique.<\/p>\n\n\n\n<p>En el evento estuvieron presentes Karina Bar\u00f3n, coordinadora Territorial para la Construcci\u00f3n de la Paz en Oaxaca, Jes\u00fas Romero L\u00f3pez, secretario de Gobierno, el secretario de Gobierno Municipal, Felipe Canseco Ruiz, Jos\u00e9 Antonio Rueda M\u00e1rquez, Jefe de Gabinete y la Consejer\u00eda Jur\u00eddica de Oaxaca, el titular de la Secretar\u00eda de Seguridad y Protecci\u00f3n Ciudadana de Oaxaca, Iv\u00e1n Garc\u00eda \u00c1lvarez, as\u00ed como Ra\u00fal \u00c1vila Ibarra, secretario de Seguridad Ciudadana Movilidad y Protecci\u00f3n Civil.<\/p>\n\n\n\n<figure class=\"wp-block-image size-large\"><img decoding=\"async\" src=\"https:\/\/contextoinformacionyanalisisperiodistico.files.wordpress.com\/2023\/02\/img-20230208-wa01166799794122007423487.jpg?w=1024\" alt=\"\" class=\"wp-image-8092\" \/><\/figure>\n\n\n\n<figure class=\"wp-block-image\"><img decoding=\"async\" src=\"https:\/\/contextoinformacionyanalisisperiodistico.files.wordpress.com\/2023\/02\/img-20230208-wa01144245445392296568766.jpg?w=1024\" alt=\"\" class=\"wp-image-8091\" \/><\/figure>\n\n\n\n<figure class=\"wp-block-image\"><img decoding=\"async\" src=\"https:\/\/contextoinformacionyanalisisperiodistico.files.wordpress.com\/2023\/02\/img-20230208-wa01151957738884024098200.jpg?w=1024\" alt=\"\" class=\"wp-image-8093\" \/><\/figure>\n","protected":false},"excerpt":{"rendered":"<p>El presidente municipal de Oaxaca de Ju\u00e1rez, Francisco Mart\u00ednez Neri, junto con el gobernador del&#8230;<\/p>\n","protected":false},"author":2,"featured_media":8090,"comment_status":"open","ping_status":"open","sticky":false,"template":"","format":"standard","meta":{"footnotes":""},"categories":[9],"tags":[],"jetpack_sharing_enabled":true,"featured_image_urls":{"full":"","thumbnail":"","medium":"","medium_large":"","large":"","1536x1536":"","2048x2048":"","covernews-slider-full":"","covernews-slider-center":"","covernews-featured":"","covernews-medium":"","covernews-medium-square":""},"author_info":{"display_name":"Miguel","author_link":"https:\/\/contextoanalisisperiodistico.com\/index.php\/author\/editor\/"},"category_info":"<a href=\"https:\/\/contextoanalisisperiodistico.com\/index.php\/category\/politica\/\" rel=\"category tag\">Pol\u00edtica<\/a>","tag_info":"Pol\u00edtica","comment_count":"0","jetpack_featured_media_url":"","_links":{"self":[{"href":"https:\/\/contextoanalisisperiodistico.com\/index.php\/wp-json\/wp\/v2\/posts\/8088"}],"collection":[{"href":"https:\/\/contextoanalisisperiodistico.com\/index.php\/wp-json\/wp\/v2\/posts"}],"about":[{"href":"https:\/\/contextoanalisisperiodistico.com\/index.php\/wp-json\/wp\/v2\/types\/post"}],"author":[{"embeddable":true,"href":"https:\/\/contextoanalisisperiodistico.com\/index.php\/wp-json\/wp\/v2\/users\/2"}],"replies":[{"embeddable":true,"href":"https:\/\/contextoanalisisperiodistico.com\/index.php\/wp-json\/wp\/v2\/comments?post=8088"}],"version-history":[{"count":0,"href":"https:\/\/contextoanalisisperiodistico.com\/index.php\/wp-json\/wp\/v2\/posts\/8088\/revisions"}],"wp:featuredmedia":[{"embeddable":true,"href":"https:\/\/contextoanalisisperiodistico.com\/index.php\/wp-json\/"}],"wp:attachment":[{"href":"https:\/\/contextoanalisisperiodistico.com\/index.php\/wp-json\/wp\/v2\/media?parent=8088"}],"wp:term":[{"taxonomy":"category","embeddable":true,"href":"https:\/\/contextoanalisisperiodistico.com\/index.php\/wp-json\/wp\/v2\/categories?post=8088"},{"taxonomy":"post_tag","embeddable":true,"href":"https:\/\/contextoanalisisperiodistico.com\/index.php\/wp-json\/wp\/v2\/tags?post=8088"}],"curies":[{"name":"wp","href":"https:\/\/api.w.org\/{rel}","templated":true}]}}