{"id":8080,"date":"2023-02-08T17:39:06","date_gmt":"2023-02-08T23:39:06","guid":{"rendered":"http:\/\/contextoanalisisperiodistico.com.mx\/?p=8080"},"modified":"2023-02-08T17:39:06","modified_gmt":"2023-02-08T23:39:06","slug":"policia-municipal-asegura-vehiculo-con-reporte-de-robo-conducido-por-dama","status":"publish","type":"post","link":"https:\/\/contextoanalisisperiodistico.com\/index.php\/2023\/02\/08\/policia-municipal-asegura-vehiculo-con-reporte-de-robo-conducido-por-dama\/","title":{"rendered":"Polic\u00eda Municipal asegura veh\u00edculo con reporte de robo,  conducido por dama"},"content":{"rendered":"<div id=\"fb-root\"><\/div>\n\n<p>\u25cf Sin libertad y autom\u00f3vil Honda, robado en Michoac\u00e1n, en 2020, qued\u00f3 la ciudadana, ahora, en poder de la polic\u00eda investigadora<\/p>\n\n\n\n<p>Oaxaca de Ju\u00e1rez, Oax., 08 de febrero de 2023<\/p>\n\n\n\n<p>Elementos de la Polic\u00eda Municipal adscritos a la Unidad de Recuperaci\u00f3n de Veh\u00edculos, Grupo Bengala, aseguraron un veh\u00edculo al contar con reporte de robo vigente, as\u00ed como la conductora fue detenida para quedar a disposici\u00f3n de la Fiscal\u00eda General del Estado.<\/p>\n\n\n\n<p>El secretario de Seguridad Ciudadana, Movilidad y Protecci\u00f3n Civil, Ra\u00fal \u00c1vila Ibarra, dio a conocer que la intervenci\u00f3n ocurri\u00f3 este mi\u00e9rcoles a las 07:25 horas en la avenida Robles y Camino Nuevo a Monte Alb\u00e1n, de la agencia de Montoya.Por el lugar circulaba el veh\u00edculo marca Honda tipo City de color blanco, con placas de circulaci\u00f3n del Estado de M\u00e9xico, por lo cual, a trav\u00e9s de comandos verbales, le marcaron el alto a la conductora, quien acept\u00f3 la inspecci\u00f3n al veh\u00edculo y su persona.<\/p>\n\n\n\n<p>Al verificar el n\u00famero de serie con la Unidad de An\u00e1lisis de esta Secretar\u00eda, establecieron que cuenta con reporte de robo vigente, el cual fue emitido por la Procuradur\u00eda General de Justicia del estado de Michoac\u00e1n en el mes de agosto de 2020.<\/p>\n\n\n\n<p>Debido a ello, procedieron al aseguramiento del veh\u00edculo y la detenci\u00f3n de la conductora M.C.M.V., de 34 a\u00f1os de edad, qui\u00e9n qued\u00f3 a disposici\u00f3n de la Fiscal\u00eda General del Estado para determinar su situaci\u00f3n jur\u00eddica.<\/p>\n\n\n\n<p>Con estas acciones, la Polic\u00eda Municipal refrenda su compromiso de proteger y servir a la ciudadan\u00eda.<br \/><em>Polic\u00eda Municipal<\/em><br \/><em>Garante de seguridad y paz social<\/em><br \/><em>\u00a1Polic\u00eda Municipal, m\u00e1s cera de ti!<\/em><\/p>\n","protected":false},"excerpt":{"rendered":"<p>\u25cf Sin libertad y autom\u00f3vil Honda, robado en Michoac\u00e1n, en 2020, qued\u00f3 la ciudadana, ahora,&#8230;<\/p>\n","protected":false},"author":2,"featured_media":8081,"comment_status":"open","ping_status":"open","sticky":false,"template":"","format":"standard","meta":{"footnotes":""},"categories":[10],"tags":[],"jetpack_sharing_enabled":true,"featured_image_urls":{"full":"","thumbnail":"","medium":"","medium_large":"","large":"","1536x1536":"","2048x2048":"","covernews-slider-full":"","covernews-slider-center":"","covernews-featured":"","covernews-medium":"","covernews-medium-square":""},"author_info":{"display_name":"Miguel","author_link":"https:\/\/contextoanalisisperiodistico.com\/index.php\/author\/editor\/"},"category_info":"<a href=\"https:\/\/contextoanalisisperiodistico.com\/index.php\/category\/seguridad\/\" rel=\"category tag\">Seguridad<\/a>","tag_info":"Seguridad","comment_count":"0","jetpack_featured_media_url":"","_links":{"self":[{"href":"https:\/\/contextoanalisisperiodistico.com\/index.php\/wp-json\/wp\/v2\/posts\/8080"}],"collection":[{"href":"https:\/\/contextoanalisisperiodistico.com\/index.php\/wp-json\/wp\/v2\/posts"}],"about":[{"href":"https:\/\/contextoanalisisperiodistico.com\/index.php\/wp-json\/wp\/v2\/types\/post"}],"author":[{"embeddable":true,"href":"https:\/\/contextoanalisisperiodistico.com\/index.php\/wp-json\/wp\/v2\/users\/2"}],"replies":[{"embeddable":true,"href":"https:\/\/contextoanalisisperiodistico.com\/index.php\/wp-json\/wp\/v2\/comments?post=8080"}],"version-history":[{"count":0,"href":"https:\/\/contextoanalisisperiodistico.com\/index.php\/wp-json\/wp\/v2\/posts\/8080\/revisions"}],"wp:featuredmedia":[{"embeddable":true,"href":"https:\/\/contextoanalisisperiodistico.com\/index.php\/wp-json\/"}],"wp:attachment":[{"href":"https:\/\/contextoanalisisperiodistico.com\/index.php\/wp-json\/wp\/v2\/media?parent=8080"}],"wp:term":[{"taxonomy":"category","embeddable":true,"href":"https:\/\/contextoanalisisperiodistico.com\/index.php\/wp-json\/wp\/v2\/categories?post=8080"},{"taxonomy":"post_tag","embeddable":true,"href":"https:\/\/contextoanalisisperiodistico.com\/index.php\/wp-json\/wp\/v2\/tags?post=8080"}],"curies":[{"name":"wp","href":"https:\/\/api.w.org\/{rel}","templated":true}]}}