{"id":8067,"date":"2023-02-08T17:16:22","date_gmt":"2023-02-08T23:16:22","guid":{"rendered":"http:\/\/contextoanalisisperiodistico.com.mx\/?p=8067"},"modified":"2023-02-08T17:16:22","modified_gmt":"2023-02-08T23:16:22","slug":"con-acciones-de-prevencion-permante-en-el-mercado-de-abasto-la-secretaria-de-seguridad-ciudadana-movilidad-y-proteccion-civil","status":"publish","type":"post","link":"https:\/\/contextoanalisisperiodistico.com\/index.php\/2023\/02\/08\/con-acciones-de-prevencion-permante-en-el-mercado-de-abasto-la-secretaria-de-seguridad-ciudadana-movilidad-y-proteccion-civil\/","title":{"rendered":"Con acciones permanentes de prevenci\u00f3n en el Mercado de Abasto, la Secretar\u00eda de Seguridad Ciudadana, Movilidad y Protecci\u00f3n Civil"},"content":{"rendered":"<div id=\"fb-root\"><\/div>\n\n<p>Oaxaca de Ju\u00e1rez, Oax., 08 de febrero de 2023<\/p>\n\n\n\n<p>Comunicado.-La Secretar\u00eda de Seguridad Ciudadana, Movilidad y Protecci\u00f3n Civil realiza acciones de prevenci\u00f3n y disuasi\u00f3n de manera permanente en la zona del Mercado de Abasto, con el fin de garantizar la seguridad p\u00fablica en el centro comercial m\u00e1s grande del estado.<\/p>\n\n\n\n<p><br \/>El titular de la Secretar\u00eda, Ra\u00fal \u00c1vila Ibarra, indic\u00f3 que la presente administraci\u00f3n municipal, encabezada por el Presidente Municipal Constitucional, Francisco Mart\u00ednez Neri, trabaja en el rescate, dignificaci\u00f3n y embellecimiento del Mercado de Abasto, con la realizaci\u00f3n de diversas obras, as\u00ed como en materia de seguridad.<\/p>\n\n\n\n<p>Precis\u00f3 que como parte de la estrategia integral del rescate de ese centro comercial, todos los d\u00edas elementos de Proximidad Social, de la polic\u00eda municipal, llevan a cabo patrullajes de prevenci\u00f3n, disuasi\u00f3n y vigilancia en todas las zonas, as\u00ed como en sus inmediaciones, con lo que se crea un ambiente de seguridad y convivencia social para todos, brindando as\u00ed un trato personalizado a l\u00edderes y locatarios.<\/p>\n\n\n\n<p>Con estas acciones, la Secretar\u00eda de Seguridad Ciudadana, Movilidad y Protecci\u00f3n Civil refrenda su compromiso de proteger y servir al a ciudadan\u00eda.<\/p>\n\n\n\n<p><em>Polic\u00eda Municipal<\/em>:<br \/><em>Garante de seguridad y paz social<\/em><br \/><em>\u00a1Polic\u00eda Municipal, m\u00e1s cera de ti!<\/em><\/p>\n\n\n\n<figure class=\"wp-block-image size-large\"><img decoding=\"async\" src=\"https:\/\/contextoinformacionyanalisisperiodistico.files.wordpress.com\/2023\/02\/img-20230208-wa00607525763190121647760.jpg?w=768\" alt=\"\" class=\"wp-image-8070\" \/><\/figure>\n\n\n\n<figure class=\"wp-block-image\"><img decoding=\"async\" src=\"https:\/\/contextoinformacionyanalisisperiodistico.files.wordpress.com\/2023\/02\/img-20230208-wa00598597455110688373015.jpg?w=1024\" alt=\"\" class=\"wp-image-8071\" \/><\/figure>\n\n\n\n<figure class=\"wp-block-image\"><img decoding=\"async\" src=\"https:\/\/contextoinformacionyanalisisperiodistico.files.wordpress.com\/2023\/02\/img-20230208-wa00558484771986847807321.jpg?w=768\" alt=\"\" class=\"wp-image-8069\" \/><\/figure>\n","protected":false},"excerpt":{"rendered":"<p>Oaxaca de Ju\u00e1rez, Oax., 08 de febrero de 2023 Comunicado.-La Secretar\u00eda de Seguridad Ciudadana, Movilidad&#8230;<\/p>\n","protected":false},"author":2,"featured_media":8068,"comment_status":"open","ping_status":"open","sticky":false,"template":"","format":"standard","meta":{"footnotes":""},"categories":[10],"tags":[],"jetpack_sharing_enabled":true,"featured_image_urls":{"full":"","thumbnail":"","medium":"","medium_large":"","large":"","1536x1536":"","2048x2048":"","covernews-slider-full":"","covernews-slider-center":"","covernews-featured":"","covernews-medium":"","covernews-medium-square":""},"author_info":{"display_name":"Miguel","author_link":"https:\/\/contextoanalisisperiodistico.com\/index.php\/author\/editor\/"},"category_info":"<a href=\"https:\/\/contextoanalisisperiodistico.com\/index.php\/category\/seguridad\/\" rel=\"category tag\">Seguridad<\/a>","tag_info":"Seguridad","comment_count":"0","jetpack_featured_media_url":"","_links":{"self":[{"href":"https:\/\/contextoanalisisperiodistico.com\/index.php\/wp-json\/wp\/v2\/posts\/8067"}],"collection":[{"href":"https:\/\/contextoanalisisperiodistico.com\/index.php\/wp-json\/wp\/v2\/posts"}],"about":[{"href":"https:\/\/contextoanalisisperiodistico.com\/index.php\/wp-json\/wp\/v2\/types\/post"}],"author":[{"embeddable":true,"href":"https:\/\/contextoanalisisperiodistico.com\/index.php\/wp-json\/wp\/v2\/users\/2"}],"replies":[{"embeddable":true,"href":"https:\/\/contextoanalisisperiodistico.com\/index.php\/wp-json\/wp\/v2\/comments?post=8067"}],"version-history":[{"count":0,"href":"https:\/\/contextoanalisisperiodistico.com\/index.php\/wp-json\/wp\/v2\/posts\/8067\/revisions"}],"wp:featuredmedia":[{"embeddable":true,"href":"https:\/\/contextoanalisisperiodistico.com\/index.php\/wp-json\/"}],"wp:attachment":[{"href":"https:\/\/contextoanalisisperiodistico.com\/index.php\/wp-json\/wp\/v2\/media?parent=8067"}],"wp:term":[{"taxonomy":"category","embeddable":true,"href":"https:\/\/contextoanalisisperiodistico.com\/index.php\/wp-json\/wp\/v2\/categories?post=8067"},{"taxonomy":"post_tag","embeddable":true,"href":"https:\/\/contextoanalisisperiodistico.com\/index.php\/wp-json\/wp\/v2\/tags?post=8067"}],"curies":[{"name":"wp","href":"https:\/\/api.w.org\/{rel}","templated":true}]}}