{"id":8066,"date":"2023-02-08T13:25:06","date_gmt":"2023-02-08T19:25:06","guid":{"rendered":"http:\/\/contextoanalisisperiodistico.com.mx\/2023\/02\/08\/pleno-del-ogaipo-aprueba-por-unanimidad-acuerdo-para-voto-institucional-en-i-sesion-ordinaria-de-la-region-centro-del-snt\/"},"modified":"2023-02-08T13:25:06","modified_gmt":"2023-02-08T19:25:06","slug":"pleno-del-ogaipo-aprueba-por-unanimidad-acuerdo-para-voto-institucional-en-i-sesion-ordinaria-de-la-region-centro-del-snt","status":"publish","type":"post","link":"https:\/\/contextoanalisisperiodistico.com\/index.php\/2023\/02\/08\/pleno-del-ogaipo-aprueba-por-unanimidad-acuerdo-para-voto-institucional-en-i-sesion-ordinaria-de-la-region-centro-del-snt\/","title":{"rendered":"Pleno del OGAIPO aprueba por unanimidad, acuerdo para voto institucional en I Sesi\u00f3n Ordinaria de la Regi\u00f3n Centro del SNT"},"content":{"rendered":"<div id=\"fb-root\"><\/div>\n\n<p><strong>&nbsp;<\/strong><\/p>\n\n\n\n<p><strong>&nbsp;<\/strong><\/p>\n\n\n\n<p>Oaxaca de Ju\u00e1rez, Oax.- Este 08 de febrero, el Consejo General del \u00d3rgano Garante de Acceso a la Informaci\u00f3n P\u00fablica, Transparencia, Protecci\u00f3n de Datos Personales y Buen Gobierno del Estado de Oaxaca (OGAIPO) celebr\u00f3 su Tercera Sesi\u00f3n Extraordinaria 2023.<\/p>\n\n\n\n<p>&nbsp;<\/p>\n\n\n\n<p>Con fundamento en la Constituci\u00f3n Pol\u00edtica de los Estados Unidos Mexicanos, la Constituci\u00f3n Pol\u00edtica del Estado Libre y Soberano de Oaxaca, la Ley de Transparencia, Acceso a la Informaci\u00f3n P\u00fablica y Buen Gobierno del Estado de Oaxaca y en el Reglamento Interno del OGAIPO, se realiz\u00f3 esta Sesi\u00f3n.<\/p>\n\n\n\n<p>&nbsp;<\/p>\n\n\n\n<p>En ella, particip\u00f3 el Pleno del OGAIPO, integrado por las Comisionadas, X\u00f3chitl Elizabeth M\u00e9ndez S\u00e1nchez, Claudia Ivette Soto Pineda, Mar\u00eda Tanivet Ramos Reyes, el Comisionado Jos\u00e9 Luis Echeverr\u00eda Morales y el Comisionado Presidente, Josu\u00e9 Solana Salmor\u00e1n.<\/p>\n\n\n\n<p>&nbsp;<\/p>\n\n\n\n<p>El Consejo General del OGAIPO aprob\u00f3 por unanimidad, el acuerdo para voto institucional para los asuntos que se someter\u00e1n a aprobaci\u00f3n en la Primera Sesi\u00f3n Ordinaria de la Coordinaci\u00f3n Regi\u00f3n Centro del Sistema Nacional de Transparencia del 2023; en ese sentido, se aprob\u00f3 el voto institucional a favor de todos los puntos que ser\u00e1n analizados y discutidos. En la Sesi\u00f3n, el \u00d3rgano Garante Local ser\u00e1 representado en la figura del Comisionado Presidente, Josu\u00e9 Solana Salmor\u00e1n.<\/p>\n","protected":false},"excerpt":{"rendered":"<p>&nbsp; &nbsp; Oaxaca de Ju\u00e1rez, Oax.- Este 08 de febrero, el Consejo General del \u00d3rgano&#8230;<\/p>\n","protected":false},"author":2,"featured_media":8065,"comment_status":"open","ping_status":"open","sticky":false,"template":"","format":"standard","meta":{"footnotes":""},"categories":[3],"tags":[],"jetpack_sharing_enabled":true,"featured_image_urls":{"full":"","thumbnail":"","medium":"","medium_large":"","large":"","1536x1536":"","2048x2048":"","covernews-slider-full":"","covernews-slider-center":"","covernews-featured":"","covernews-medium":"","covernews-medium-square":""},"author_info":{"display_name":"Miguel","author_link":"https:\/\/contextoanalisisperiodistico.com\/index.php\/author\/editor\/"},"category_info":"<a href=\"https:\/\/contextoanalisisperiodistico.com\/index.php\/category\/ciudad\/\" rel=\"category tag\">Ciudad<\/a>","tag_info":"Ciudad","comment_count":"0","jetpack_featured_media_url":"","_links":{"self":[{"href":"https:\/\/contextoanalisisperiodistico.com\/index.php\/wp-json\/wp\/v2\/posts\/8066"}],"collection":[{"href":"https:\/\/contextoanalisisperiodistico.com\/index.php\/wp-json\/wp\/v2\/posts"}],"about":[{"href":"https:\/\/contextoanalisisperiodistico.com\/index.php\/wp-json\/wp\/v2\/types\/post"}],"author":[{"embeddable":true,"href":"https:\/\/contextoanalisisperiodistico.com\/index.php\/wp-json\/wp\/v2\/users\/2"}],"replies":[{"embeddable":true,"href":"https:\/\/contextoanalisisperiodistico.com\/index.php\/wp-json\/wp\/v2\/comments?post=8066"}],"version-history":[{"count":0,"href":"https:\/\/contextoanalisisperiodistico.com\/index.php\/wp-json\/wp\/v2\/posts\/8066\/revisions"}],"wp:featuredmedia":[{"embeddable":true,"href":"https:\/\/contextoanalisisperiodistico.com\/index.php\/wp-json\/"}],"wp:attachment":[{"href":"https:\/\/contextoanalisisperiodistico.com\/index.php\/wp-json\/wp\/v2\/media?parent=8066"}],"wp:term":[{"taxonomy":"category","embeddable":true,"href":"https:\/\/contextoanalisisperiodistico.com\/index.php\/wp-json\/wp\/v2\/categories?post=8066"},{"taxonomy":"post_tag","embeddable":true,"href":"https:\/\/contextoanalisisperiodistico.com\/index.php\/wp-json\/wp\/v2\/tags?post=8066"}],"curies":[{"name":"wp","href":"https:\/\/api.w.org\/{rel}","templated":true}]}}