{"id":8052,"date":"2023-02-08T12:23:11","date_gmt":"2023-02-08T18:23:11","guid":{"rendered":"http:\/\/contextoanalisisperiodistico.com.mx\/?p=8052"},"modified":"2023-02-08T12:23:11","modified_gmt":"2023-02-08T18:23:11","slug":"necesitan-respuesta-importante-ninas-y-ninos-con-cancer","status":"publish","type":"post","link":"https:\/\/contextoanalisisperiodistico.com\/index.php\/2023\/02\/08\/necesitan-respuesta-importante-ninas-y-ninos-con-cancer\/","title":{"rendered":"Necesitan respuesta importante ni\u00f1as y ni\u00f1os con c\u00e1ncer"},"content":{"rendered":"<div id=\"fb-root\"><\/div>\n\n<p>(<em>) Carrera con causa pedi\u00e1trica, de 5 KM, pr\u00f3ximo domingo, en el Hospital de la Ni\u00f1ez Oaxaque\u00f1a<\/em><\/p>\n\n\n\n<p><em>(<\/em>) Organizada por la Delegaci\u00f3n Sindical de la Secci\u00f3n 35 del SNTSA<\/p>\n\n\n\n<p><br \/>Mario GIR\u00d3N<\/p>\n\n\n\n<p><br \/>Cada latido del coraz\u00f3n debe indicar o recordarnos lo que sucede en el Hospital de la Ni\u00f1ez Oaxaque\u00f1a (HNO)<\/p>\n\n\n\n<p><br \/>En donde cada vez son m\u00e1s ni\u00f1os con c\u00e1ncer necesitando nuestro generoso y humano respaldo.<\/p>\n\n\n\n<p><br \/>Recordarnos que en la lucha contra un mortal padecimiento no pueden solos, ni\u00f1as y ni\u00f1as.<\/p>\n\n\n\n<p><br \/>Que todos somos ese conjunto de seres humanos necesarios para tenderle la mano y aliviar la situaci\u00f3n a nuestras ni\u00f1as y ni\u00f1os con c\u00e1ncer.<\/p>\n\n\n\n<p><br \/>Ni\u00f1as y ni\u00f1os con derecho a un tratamiento y medicamentos sin interrupci\u00f3n.<\/p>\n\n\n\n<p><br \/>Ni\u00f1as y ni\u00f1os con derecho a la vida, a la salud y felicidad.<\/p>\n\n\n\n<p><br \/>Ni\u00f1as y ni\u00f1os luz espiritual en la familia y en el hogar.<\/p>\n\n\n\n<p>Ni\u00f1as y ni\u00f1os que no deben apagarse.<\/p>\n\n\n\n<p>Ni\u00f1as y ni\u00f1os nos necesitan hoy m\u00e1s que nunca.<br \/>No le cerremos la puerta de la oportunidad a nuestras ni\u00f1as y ni\u00f1os.<\/p>\n\n\n\n<p>As\u00ed lo entiende el entusiasta y humanista equipo de mujeres y hombres profesionales de la salud e integrantes de la Delegaci\u00f3n Sindical de la Secci\u00f3n 35 del Sindicato Nacional de Trabajadores de la Secretar\u00eda de la Salud (SNTSA). Mujeres y hombres comprometidos con las y los pacientes del Hospital de la Ni\u00f1ez Oaxaque\u00f1a (HNO).<\/p>\n\n\n\n<p>Trabajadoras y trabajadores, adem\u00e1s de atender a sus pacientes pedi\u00e1tricos, se dan tiempo extra en la organizaci\u00f3n de una carrera con causa infantil, de 5KM, en el marco del D\u00eda Internacional de la Lucha Contra el C\u00e1ncer, el pr\u00f3ximo domingo 12 de febrero.<\/p>\n\n\n\n<p>La salida y meta ser\u00e1 a las 8 horas del HNO, en San Bartolo Coyotepec. El recorrido ser\u00e1 y estar\u00e1 indicado por las inmediaciones del hospital con especialidad pedi\u00e1trica.<\/p>\n\n\n\n<p>En esta carrera con causa se presentar\u00e1 la posibilidad de obsequiar una sonrisa y donar un juguete. No pod\u00eda faltar la importante kermes organizada por padres de familias de los peque\u00f1os pacientes.<\/p>\n\n\n\n<p><br \/>Una carrera con causa estar\u00e1 esper\u00e1ndonos el pr\u00f3ximo domingo.<\/p>\n\n\n\n<figure class=\"wp-block-image size-large\"><img decoding=\"async\" src=\"https:\/\/contextoinformacionyanalisisperiodistico.files.wordpress.com\/2023\/02\/fb_img_16758801981995820930424331524009.jpg?w=720\" alt=\"\" class=\"wp-image-8054\" \/><\/figure>\n","protected":false},"excerpt":{"rendered":"<p>() Carrera con causa pedi\u00e1trica, de 5 KM, pr\u00f3ximo domingo, en el Hospital de la&#8230;<\/p>\n","protected":false},"author":2,"featured_media":8053,"comment_status":"open","ping_status":"open","sticky":false,"template":"","format":"standard","meta":{"footnotes":""},"categories":[3],"tags":[],"jetpack_sharing_enabled":true,"featured_image_urls":{"full":"","thumbnail":"","medium":"","medium_large":"","large":"","1536x1536":"","2048x2048":"","covernews-slider-full":"","covernews-slider-center":"","covernews-featured":"","covernews-medium":"","covernews-medium-square":""},"author_info":{"display_name":"Miguel","author_link":"https:\/\/contextoanalisisperiodistico.com\/index.php\/author\/editor\/"},"category_info":"<a href=\"https:\/\/contextoanalisisperiodistico.com\/index.php\/category\/ciudad\/\" rel=\"category tag\">Ciudad<\/a>","tag_info":"Ciudad","comment_count":"0","jetpack_featured_media_url":"","_links":{"self":[{"href":"https:\/\/contextoanalisisperiodistico.com\/index.php\/wp-json\/wp\/v2\/posts\/8052"}],"collection":[{"href":"https:\/\/contextoanalisisperiodistico.com\/index.php\/wp-json\/wp\/v2\/posts"}],"about":[{"href":"https:\/\/contextoanalisisperiodistico.com\/index.php\/wp-json\/wp\/v2\/types\/post"}],"author":[{"embeddable":true,"href":"https:\/\/contextoanalisisperiodistico.com\/index.php\/wp-json\/wp\/v2\/users\/2"}],"replies":[{"embeddable":true,"href":"https:\/\/contextoanalisisperiodistico.com\/index.php\/wp-json\/wp\/v2\/comments?post=8052"}],"version-history":[{"count":0,"href":"https:\/\/contextoanalisisperiodistico.com\/index.php\/wp-json\/wp\/v2\/posts\/8052\/revisions"}],"wp:featuredmedia":[{"embeddable":true,"href":"https:\/\/contextoanalisisperiodistico.com\/index.php\/wp-json\/"}],"wp:attachment":[{"href":"https:\/\/contextoanalisisperiodistico.com\/index.php\/wp-json\/wp\/v2\/media?parent=8052"}],"wp:term":[{"taxonomy":"category","embeddable":true,"href":"https:\/\/contextoanalisisperiodistico.com\/index.php\/wp-json\/wp\/v2\/categories?post=8052"},{"taxonomy":"post_tag","embeddable":true,"href":"https:\/\/contextoanalisisperiodistico.com\/index.php\/wp-json\/wp\/v2\/tags?post=8052"}],"curies":[{"name":"wp","href":"https:\/\/api.w.org\/{rel}","templated":true}]}}