{"id":8028,"date":"2023-02-07T22:24:12","date_gmt":"2023-02-08T04:24:12","guid":{"rendered":"http:\/\/contextoanalisisperiodistico.com.mx\/?p=8028"},"modified":"2023-02-07T22:24:12","modified_gmt":"2023-02-08T04:24:12","slug":"fumigan-residuos-organicos-e-inorganicos-para-evitar-insectos-y-fauna-nociva","status":"publish","type":"post","link":"https:\/\/contextoanalisisperiodistico.com\/index.php\/2023\/02\/07\/fumigan-residuos-organicos-e-inorganicos-para-evitar-insectos-y-fauna-nociva\/","title":{"rendered":"Fumigan residuos org\u00e1nicos e inorg\u00e1nicos para evitar insectos y fauna nociva"},"content":{"rendered":"<div id=\"fb-root\"><\/div>\n\n<p>\u25cf Mart\u00ednez Neri contin\u00faa trabajando para beneficio de la ciudadan\u00eda atendiendo necesidades de control en los centros de transferencia <\/p>\n\n\n\n<p>Comunicado.- Como parte de las acciones que implementa el Municipio de Oaxaca de Ju\u00e1rez para prevenir la presencia de insectos, principalmente moscas y fauna nociva, se adquiri\u00f3 una bomba de alta presi\u00f3n con la que se fumiga los Residuos S\u00f3lidos Urbanos, tanto inorg\u00e1nicos como org\u00e1nicos, que se depositan en el centro de transferencia que la autoridad municipal, encabezada por Francisco Mart\u00ednez Neri, tiene para su traslado inmediato a un destino final certificado, fuera del estado.<\/p>\n\n\n\n<p>Es importante mencionar que los residuos org\u00e1nicos se trituran y se mandan a terrenos agr\u00edcolas para enriquecimiento de la tierra de cultivo.<\/p>\n\n\n\n<figure class=\"wp-block-video\"><video controls src=\"https:\/\/contextoinformacionyanalisisperiodistico.files.wordpress.com\/2023\/02\/vid-20230207-wa0108.mp4\"><\/video><\/figure>\n\n\n\n<figure class=\"wp-block-image size-large\"><img decoding=\"async\" src=\"https:\/\/contextoinformacionyanalisisperiodistico.files.wordpress.com\/2023\/02\/screenshot_20230207-220717_whatsapp6480505922378620882.jpg?w=720\" alt=\"\" class=\"wp-image-8031\" \/><\/figure>\n\n\n\n<figure class=\"wp-block-image\"><img decoding=\"async\" src=\"https:\/\/contextoinformacionyanalisisperiodistico.files.wordpress.com\/2023\/02\/screenshot_20230207-220729_whatsapp5379597415961594308.jpg?w=712\" alt=\"\" class=\"wp-image-8032\" \/><\/figure>\n","protected":false},"excerpt":{"rendered":"<p>\u25cf Mart\u00ednez Neri contin\u00faa trabajando para beneficio de la ciudadan\u00eda atendiendo necesidades de control en&#8230;<\/p>\n","protected":false},"author":2,"featured_media":8029,"comment_status":"open","ping_status":"open","sticky":false,"template":"","format":"standard","meta":{"footnotes":""},"categories":[7],"tags":[],"jetpack_sharing_enabled":true,"featured_image_urls":{"full":"","thumbnail":"","medium":"","medium_large":"","large":"","1536x1536":"","2048x2048":"","covernews-slider-full":"","covernews-slider-center":"","covernews-featured":"","covernews-medium":"","covernews-medium-square":""},"author_info":{"display_name":"Miguel","author_link":"https:\/\/contextoanalisisperiodistico.com\/index.php\/author\/editor\/"},"category_info":"<a href=\"https:\/\/contextoanalisisperiodistico.com\/index.php\/category\/municipios\/\" rel=\"category tag\">Municipios<\/a>","tag_info":"Municipios","comment_count":"0","jetpack_featured_media_url":"","_links":{"self":[{"href":"https:\/\/contextoanalisisperiodistico.com\/index.php\/wp-json\/wp\/v2\/posts\/8028"}],"collection":[{"href":"https:\/\/contextoanalisisperiodistico.com\/index.php\/wp-json\/wp\/v2\/posts"}],"about":[{"href":"https:\/\/contextoanalisisperiodistico.com\/index.php\/wp-json\/wp\/v2\/types\/post"}],"author":[{"embeddable":true,"href":"https:\/\/contextoanalisisperiodistico.com\/index.php\/wp-json\/wp\/v2\/users\/2"}],"replies":[{"embeddable":true,"href":"https:\/\/contextoanalisisperiodistico.com\/index.php\/wp-json\/wp\/v2\/comments?post=8028"}],"version-history":[{"count":0,"href":"https:\/\/contextoanalisisperiodistico.com\/index.php\/wp-json\/wp\/v2\/posts\/8028\/revisions"}],"wp:featuredmedia":[{"embeddable":true,"href":"https:\/\/contextoanalisisperiodistico.com\/index.php\/wp-json\/"}],"wp:attachment":[{"href":"https:\/\/contextoanalisisperiodistico.com\/index.php\/wp-json\/wp\/v2\/media?parent=8028"}],"wp:term":[{"taxonomy":"category","embeddable":true,"href":"https:\/\/contextoanalisisperiodistico.com\/index.php\/wp-json\/wp\/v2\/categories?post=8028"},{"taxonomy":"post_tag","embeddable":true,"href":"https:\/\/contextoanalisisperiodistico.com\/index.php\/wp-json\/wp\/v2\/tags?post=8028"}],"curies":[{"name":"wp","href":"https:\/\/api.w.org\/{rel}","templated":true}]}}