{"id":7997,"date":"2023-02-07T14:56:51","date_gmt":"2023-02-07T20:56:51","guid":{"rendered":"http:\/\/contextoanalisisperiodistico.com.mx\/?p=7997"},"modified":"2023-02-07T14:56:51","modified_gmt":"2023-02-07T20:56:51","slug":"damnificados-dando-seguimiento-a-la-entrega-de-apoyos-aprobados-por-el-congreso","status":"publish","type":"post","link":"https:\/\/contextoanalisisperiodistico.com\/index.php\/2023\/02\/07\/damnificados-dando-seguimiento-a-la-entrega-de-apoyos-aprobados-por-el-congreso\/","title":{"rendered":"Damnificados dando seguimiento a la entrega de apoyos aprobados por el  Congreso"},"content":{"rendered":"<div id=\"fb-root\"><\/div>\n\n<p>El pasado domingo, en su asamblea, el Comit\u00e9 de Damnificados del Segundo Censo inform\u00f3 que le est\u00e1n dando seguimiento a la entrega de los apoyos, aprobados el 21 de diciembre, por el Congreso de Oaxaca, en este nuevo Gobierno del Estado de la Primavera Oaxaque\u00f1a.<\/p>\n\n\n\n<figure class=\"wp-block-image size-large\"><img decoding=\"async\" src=\"https:\/\/contextoinformacionyanalisisperiodistico.files.wordpress.com\/2023\/02\/img-20230207-wa00391816757605841684941.jpg?w=1024\" alt=\"\" class=\"wp-image-7999\" \/><\/figure>\n\n\n\n<figure class=\"wp-block-image\"><img decoding=\"async\" src=\"https:\/\/contextoinformacionyanalisisperiodistico.files.wordpress.com\/2023\/02\/img-20230207-wa00382775835708373068941.jpg?w=1024\" alt=\"\" class=\"wp-image-8000\" \/><\/figure>\n","protected":false},"excerpt":{"rendered":"<p>El pasado domingo, en su asamblea, el Comit\u00e9 de Damnificados del Segundo Censo inform\u00f3 que&#8230;<\/p>\n","protected":false},"author":2,"featured_media":7998,"comment_status":"open","ping_status":"open","sticky":false,"template":"","format":"standard","meta":{"footnotes":""},"categories":[9],"tags":[],"jetpack_sharing_enabled":true,"featured_image_urls":{"full":"","thumbnail":"","medium":"","medium_large":"","large":"","1536x1536":"","2048x2048":"","covernews-slider-full":"","covernews-slider-center":"","covernews-featured":"","covernews-medium":"","covernews-medium-square":""},"author_info":{"display_name":"Miguel","author_link":"https:\/\/contextoanalisisperiodistico.com\/index.php\/author\/editor\/"},"category_info":"<a href=\"https:\/\/contextoanalisisperiodistico.com\/index.php\/category\/politica\/\" rel=\"category tag\">Pol\u00edtica<\/a>","tag_info":"Pol\u00edtica","comment_count":"0","jetpack_featured_media_url":"","_links":{"self":[{"href":"https:\/\/contextoanalisisperiodistico.com\/index.php\/wp-json\/wp\/v2\/posts\/7997"}],"collection":[{"href":"https:\/\/contextoanalisisperiodistico.com\/index.php\/wp-json\/wp\/v2\/posts"}],"about":[{"href":"https:\/\/contextoanalisisperiodistico.com\/index.php\/wp-json\/wp\/v2\/types\/post"}],"author":[{"embeddable":true,"href":"https:\/\/contextoanalisisperiodistico.com\/index.php\/wp-json\/wp\/v2\/users\/2"}],"replies":[{"embeddable":true,"href":"https:\/\/contextoanalisisperiodistico.com\/index.php\/wp-json\/wp\/v2\/comments?post=7997"}],"version-history":[{"count":0,"href":"https:\/\/contextoanalisisperiodistico.com\/index.php\/wp-json\/wp\/v2\/posts\/7997\/revisions"}],"wp:featuredmedia":[{"embeddable":true,"href":"https:\/\/contextoanalisisperiodistico.com\/index.php\/wp-json\/"}],"wp:attachment":[{"href":"https:\/\/contextoanalisisperiodistico.com\/index.php\/wp-json\/wp\/v2\/media?parent=7997"}],"wp:term":[{"taxonomy":"category","embeddable":true,"href":"https:\/\/contextoanalisisperiodistico.com\/index.php\/wp-json\/wp\/v2\/categories?post=7997"},{"taxonomy":"post_tag","embeddable":true,"href":"https:\/\/contextoanalisisperiodistico.com\/index.php\/wp-json\/wp\/v2\/tags?post=7997"}],"curies":[{"name":"wp","href":"https:\/\/api.w.org\/{rel}","templated":true}]}}