{"id":7977,"date":"2023-02-06T21:57:24","date_gmt":"2023-02-07T03:57:24","guid":{"rendered":"http:\/\/contextoanalisisperiodistico.com.mx\/?p=7977"},"modified":"2023-02-06T21:57:24","modified_gmt":"2023-02-07T03:57:24","slug":"en-instrumento-al-servicio-del-pueblo-transformaremos-a-la-conago-gobernador-salomon-jara-cruz","status":"publish","type":"post","link":"https:\/\/contextoanalisisperiodistico.com\/index.php\/2023\/02\/06\/en-instrumento-al-servicio-del-pueblo-transformaremos-a-la-conago-gobernador-salomon-jara-cruz\/","title":{"rendered":"En instrumento al servicio del pueblo, transformaremos a la Conago: gobernador Salom\u00f3n Jara Cruz"},"content":{"rendered":"<div id=\"fb-root\"><\/div>\n\n<p>Mario GIR\u00d3N <\/p>\n\n\n\n<p>\u25cf Por unanimidad de gobernadoras y gobernadores, el Mandatario de Oaxaca fue electo presidente de la Confederaci\u00f3n Nacional de Gobernadores <\/p>\n\n\n\n<p>\u25cf Vamos a transformar este mecanismo de di\u00e1logo en un instrumento al servicio del pueblo, comprometi\u00f3 el gobernador Salom\u00f3n Jara<\/p>\n\n\n\n<p>\u25cf Esta elecci\u00f3n marca el inicio de una nueva etapa en la vida de la Conago, reconoci\u00f3 el Jefe del Ejecutivo de Oaxaca <\/p>\n\n\n\n<p><\/p>\n\n\n\n<figure class=\"wp-block-video\"><video controls src=\"https:\/\/contextoinformacionyanalisisperiodistico.files.wordpress.com\/2023\/02\/328771927_746879429966599_7499815688694691449_n.mp4\"><\/video><\/figure>\n\n\n\n<figure class=\"wp-block-image size-large\"><img decoding=\"async\" src=\"https:\/\/contextoinformacionyanalisisperiodistico.files.wordpress.com\/2023\/02\/screenshot_20230206-212917_facebook7716546685652976612.jpg?w=692\" alt=\"\" class=\"wp-image-7984\" \/><\/figure>\n\n\n\n<figure class=\"wp-block-image\"><img decoding=\"async\" src=\"https:\/\/contextoinformacionyanalisisperiodistico.files.wordpress.com\/2023\/02\/screenshot_20230206-212919_facebook6544163961796827496.jpg?w=692\" alt=\"\" class=\"wp-image-7985\" \/><\/figure>\n\n\n\n<figure class=\"wp-block-image\"><img decoding=\"async\" src=\"https:\/\/contextoinformacionyanalisisperiodistico.files.wordpress.com\/2023\/02\/screenshot_20230206-212921_facebook1390743847353831593.jpg?w=698\" alt=\"\" class=\"wp-image-7986\" \/><\/figure>\n\n\n\n<figure class=\"wp-block-image\"><img decoding=\"async\" src=\"https:\/\/contextoinformacionyanalisisperiodistico.files.wordpress.com\/2023\/02\/screenshot_20230206-212923_facebook2029351048540090259.jpg?w=710\" alt=\"\" class=\"wp-image-7983\" \/><\/figure>\n","protected":false},"excerpt":{"rendered":"<p>Mario GIR\u00d3N \u25cf Por unanimidad de gobernadoras y gobernadores, el Mandatario de Oaxaca fue electo&#8230;<\/p>\n","protected":false},"author":2,"featured_media":7981,"comment_status":"open","ping_status":"open","sticky":false,"template":"","format":"standard","meta":{"footnotes":""},"categories":[9],"tags":[],"jetpack_sharing_enabled":true,"featured_image_urls":{"full":"","thumbnail":"","medium":"","medium_large":"","large":"","1536x1536":"","2048x2048":"","covernews-slider-full":"","covernews-slider-center":"","covernews-featured":"","covernews-medium":"","covernews-medium-square":""},"author_info":{"display_name":"Miguel","author_link":"https:\/\/contextoanalisisperiodistico.com\/index.php\/author\/editor\/"},"category_info":"<a href=\"https:\/\/contextoanalisisperiodistico.com\/index.php\/category\/politica\/\" rel=\"category tag\">Pol\u00edtica<\/a>","tag_info":"Pol\u00edtica","comment_count":"0","jetpack_featured_media_url":"","_links":{"self":[{"href":"https:\/\/contextoanalisisperiodistico.com\/index.php\/wp-json\/wp\/v2\/posts\/7977"}],"collection":[{"href":"https:\/\/contextoanalisisperiodistico.com\/index.php\/wp-json\/wp\/v2\/posts"}],"about":[{"href":"https:\/\/contextoanalisisperiodistico.com\/index.php\/wp-json\/wp\/v2\/types\/post"}],"author":[{"embeddable":true,"href":"https:\/\/contextoanalisisperiodistico.com\/index.php\/wp-json\/wp\/v2\/users\/2"}],"replies":[{"embeddable":true,"href":"https:\/\/contextoanalisisperiodistico.com\/index.php\/wp-json\/wp\/v2\/comments?post=7977"}],"version-history":[{"count":0,"href":"https:\/\/contextoanalisisperiodistico.com\/index.php\/wp-json\/wp\/v2\/posts\/7977\/revisions"}],"wp:featuredmedia":[{"embeddable":true,"href":"https:\/\/contextoanalisisperiodistico.com\/index.php\/wp-json\/"}],"wp:attachment":[{"href":"https:\/\/contextoanalisisperiodistico.com\/index.php\/wp-json\/wp\/v2\/media?parent=7977"}],"wp:term":[{"taxonomy":"category","embeddable":true,"href":"https:\/\/contextoanalisisperiodistico.com\/index.php\/wp-json\/wp\/v2\/categories?post=7977"},{"taxonomy":"post_tag","embeddable":true,"href":"https:\/\/contextoanalisisperiodistico.com\/index.php\/wp-json\/wp\/v2\/tags?post=7977"}],"curies":[{"name":"wp","href":"https:\/\/api.w.org\/{rel}","templated":true}]}}