{"id":7959,"date":"2023-02-06T18:40:50","date_gmt":"2023-02-07T00:40:50","guid":{"rendered":"http:\/\/contextoanalisisperiodistico.com.mx\/?p=7959"},"modified":"2023-02-06T18:40:50","modified_gmt":"2023-02-07T00:40:50","slug":"promueve-ieepo-la-responsabilidad-publica-y-combate-a-la-corrupcion","status":"publish","type":"post","link":"https:\/\/contextoanalisisperiodistico.com\/index.php\/2023\/02\/06\/promueve-ieepo-la-responsabilidad-publica-y-combate-a-la-corrupcion\/","title":{"rendered":"Promueve IEEPO la responsabilidad p\u00fablica y combate a la corrupci\u00f3n"},"content":{"rendered":"<div id=\"fb-root\"><\/div>\n\n<p>\u2022 El \u00d3rgano Interno de Control imparti\u00f3 a funcionariado de primer nivel del Instituto un curso de actualizaci\u00f3n sobre el tema<\/p>\n\n\n\n<p>Oaxaca de Ju\u00e1rez, Oax., 06 de febrero de 2023.- El funcionariado de primer nivel del Instituto Estatal de Educaci\u00f3n P\u00fablica de Oaxaca (IEEPO), a trav\u00e9s del \u00d3rgano Interno de Control (OIC), recibi\u00f3 la capacitaci\u00f3n \u201cResponsabilidades Administrativas de las personas servidoras p\u00fablicas\u201d.<\/p>\n\n\n\n<p>Esta actividad forma parte de los mecanismos de combate a la corrupci\u00f3n, como uno de los ejes transversales y estrat\u00e9gicos impulsados por el Gobernador de la entidad, Salom\u00f3n Jara Cruz.<\/p>\n\n\n\n<p>En este marco, el titular del OIC en el Instituto, Genaro Santa Ana Colmenares indic\u00f3 que con este tipo de acciones se genera un esquema preventivo en las y los servidores p\u00fablicos, con la finalidad de no incurrir en faltas administrativas graves como peculado, desv\u00edo de recursos p\u00fablicos, utilizaci\u00f3n indebida de informaci\u00f3n o un abuso de funciones o tr\u00e1fico de influencias, as\u00ed como violaciones a las disposiciones establecidas en la Ley de Austeridad Republicana.<\/p>\n\n\n\n<p>Con la meta de consolidar una administraci\u00f3n p\u00fablica eficaz, eficiente y apegada a las leyes, reglamentos y disposiciones que observa el marco normativo en vigor, quienes participaron conocieron los alcances de sus responsabilidades, los principios que rigen al servicio p\u00fablico y las obligaciones b\u00e1sicas a cumplir.<\/p>\n\n\n\n<p>Principalmente se hizo \u00e9nfasis en la presentaci\u00f3n, en tiempo y forma, de la Declaraci\u00f3n de Situaci\u00f3n Patrimonial y de Inter\u00e9s, la obligatoriedad e importancia de declarar bajo protesta de decir verdad y de cumplir con la declaraci\u00f3n fiscal anual, como lo se\u00f1ala el Art\u00edculo 32 de la Ley General de Responsabilidades Administrativas.<\/p>\n\n\n\n<p>Asimismo, se inform\u00f3 acerca de las sanciones que impone el Art\u00edculo 75 de la Ley General de Responsabilidades Administrativas, la amonestaci\u00f3n p\u00fablica o privada, suspensi\u00f3n del empleo y la inhabilitaci\u00f3n temporal para desempe\u00f1ar empleos, cargos o comisiones en el servicio p\u00fablico.<\/p>\n\n\n\n<p>En t\u00e9rminos del Art\u00edculo 93 de dicha Ley, tambi\u00e9n conocieron de las faltas graves y no graves por actos y omisiones que incumplan o trasgredan en sus atribuciones, comisiones encomendadas u omisiones que en el ejercicio de sus funciones pueden constituir faltas administrativas.<\/p>\n\n\n\n<p>En la capacitaci\u00f3n, tambi\u00e9n intervinieron el titular de la Unidad de Enlace y Acceso a la Informaci\u00f3n y Unidad de Transparencia del IEEPO, Mario Yasir Rosado y diferentes especialistas.<\/p>\n\n\n\n<p>-0-<\/p>\n\n\n\n<figure class=\"wp-block-image size-large\"><img decoding=\"async\" src=\"https:\/\/contextoinformacionyanalisisperiodistico.files.wordpress.com\/2023\/02\/img-20230206-wa00575400672283880093327.jpg?w=1024\" alt=\"\" class=\"wp-image-7961\" \/><\/figure>\n","protected":false},"excerpt":{"rendered":"<p>\u2022 El \u00d3rgano Interno de Control imparti\u00f3 a funcionariado de primer nivel del Instituto un&#8230;<\/p>\n","protected":false},"author":2,"featured_media":7960,"comment_status":"open","ping_status":"open","sticky":false,"template":"","format":"standard","meta":{"footnotes":""},"categories":[9],"tags":[],"jetpack_sharing_enabled":true,"featured_image_urls":{"full":"","thumbnail":"","medium":"","medium_large":"","large":"","1536x1536":"","2048x2048":"","covernews-slider-full":"","covernews-slider-center":"","covernews-featured":"","covernews-medium":"","covernews-medium-square":""},"author_info":{"display_name":"Miguel","author_link":"https:\/\/contextoanalisisperiodistico.com\/index.php\/author\/editor\/"},"category_info":"<a href=\"https:\/\/contextoanalisisperiodistico.com\/index.php\/category\/politica\/\" rel=\"category tag\">Pol\u00edtica<\/a>","tag_info":"Pol\u00edtica","comment_count":"0","jetpack_featured_media_url":"","_links":{"self":[{"href":"https:\/\/contextoanalisisperiodistico.com\/index.php\/wp-json\/wp\/v2\/posts\/7959"}],"collection":[{"href":"https:\/\/contextoanalisisperiodistico.com\/index.php\/wp-json\/wp\/v2\/posts"}],"about":[{"href":"https:\/\/contextoanalisisperiodistico.com\/index.php\/wp-json\/wp\/v2\/types\/post"}],"author":[{"embeddable":true,"href":"https:\/\/contextoanalisisperiodistico.com\/index.php\/wp-json\/wp\/v2\/users\/2"}],"replies":[{"embeddable":true,"href":"https:\/\/contextoanalisisperiodistico.com\/index.php\/wp-json\/wp\/v2\/comments?post=7959"}],"version-history":[{"count":0,"href":"https:\/\/contextoanalisisperiodistico.com\/index.php\/wp-json\/wp\/v2\/posts\/7959\/revisions"}],"wp:featuredmedia":[{"embeddable":true,"href":"https:\/\/contextoanalisisperiodistico.com\/index.php\/wp-json\/"}],"wp:attachment":[{"href":"https:\/\/contextoanalisisperiodistico.com\/index.php\/wp-json\/wp\/v2\/media?parent=7959"}],"wp:term":[{"taxonomy":"category","embeddable":true,"href":"https:\/\/contextoanalisisperiodistico.com\/index.php\/wp-json\/wp\/v2\/categories?post=7959"},{"taxonomy":"post_tag","embeddable":true,"href":"https:\/\/contextoanalisisperiodistico.com\/index.php\/wp-json\/wp\/v2\/tags?post=7959"}],"curies":[{"name":"wp","href":"https:\/\/api.w.org\/{rel}","templated":true}]}}