{"id":7954,"date":"2023-02-06T18:34:13","date_gmt":"2023-02-07T00:34:13","guid":{"rendered":"http:\/\/contextoanalisisperiodistico.com.mx\/?p=7954"},"modified":"2023-02-06T18:34:13","modified_gmt":"2023-02-07T00:34:13","slug":"nuevo-simbolo-de-accesibilidad-universal-en-oaxaca-de-juarez","status":"publish","type":"post","link":"https:\/\/contextoanalisisperiodistico.com\/index.php\/2023\/02\/06\/nuevo-simbolo-de-accesibilidad-universal-en-oaxaca-de-juarez\/","title":{"rendered":"Nuevo s\u00edmbolo de Accesibilidad Universal en Oaxaca de Ju\u00e1rez"},"content":{"rendered":"<div id=\"fb-root\"><\/div>\n\n<p>La Direcci\u00f3n de Movilidad de la Secretar\u00eda de Seguridad Ciudadana, Movilidad y Protecci\u00f3n Civil, del municipio de Oaxaca de Ju\u00e1rez, sustituye el anterior s\u00edmbolo de accesibilidad por el que aprob\u00f3 la Organizaci\u00f3n de Naciones Unidad (ONU) en 2015.<\/p>\n\n\n\n<p>En calles del Centro Hist\u00f3rico se ha empezado a pintar el nuevo s\u00edmbolo de accesibilidad en los cajones que est\u00e1n destinados espec\u00edficamente a las personas con discapacidad.<\/p>\n\n\n\n<p>Este nuevo s\u00edmbolo representa la armon\u00eda entre los seres humanos, la inclusi\u00f3n de las personas en todos los lugares, en todos los niveles, es neutral e imparcial, representa la esperanza, as\u00ed como la igualdad de acceso para todas las personas.<\/p>\n\n\n\n<p>Para ubicar los cajones espec\u00edficos de estacionamiento para las personas con discapacidad, se colocar\u00e1 un c\u00f3digo QR en edificios p\u00fablicos y en los tarjetones que se dar\u00e1n a los conductores con discapacidad.<\/p>\n\n\n\n<figure class=\"wp-block-image size-large\"><img decoding=\"async\" src=\"https:\/\/contextoinformacionyanalisisperiodistico.files.wordpress.com\/2023\/02\/img-20230206-wa00367645164406801051319.jpg?w=768\" alt=\"\" class=\"wp-image-7956\" \/><\/figure>\n","protected":false},"excerpt":{"rendered":"<p>La Direcci\u00f3n de Movilidad de la Secretar\u00eda de Seguridad Ciudadana, Movilidad y Protecci\u00f3n Civil, del&#8230;<\/p>\n","protected":false},"author":2,"featured_media":7955,"comment_status":"open","ping_status":"open","sticky":false,"template":"","format":"standard","meta":{"footnotes":""},"categories":[7],"tags":[],"jetpack_sharing_enabled":true,"featured_image_urls":{"full":"","thumbnail":"","medium":"","medium_large":"","large":"","1536x1536":"","2048x2048":"","covernews-slider-full":"","covernews-slider-center":"","covernews-featured":"","covernews-medium":"","covernews-medium-square":""},"author_info":{"display_name":"Miguel","author_link":"https:\/\/contextoanalisisperiodistico.com\/index.php\/author\/editor\/"},"category_info":"<a href=\"https:\/\/contextoanalisisperiodistico.com\/index.php\/category\/municipios\/\" rel=\"category tag\">Municipios<\/a>","tag_info":"Municipios","comment_count":"0","jetpack_featured_media_url":"","_links":{"self":[{"href":"https:\/\/contextoanalisisperiodistico.com\/index.php\/wp-json\/wp\/v2\/posts\/7954"}],"collection":[{"href":"https:\/\/contextoanalisisperiodistico.com\/index.php\/wp-json\/wp\/v2\/posts"}],"about":[{"href":"https:\/\/contextoanalisisperiodistico.com\/index.php\/wp-json\/wp\/v2\/types\/post"}],"author":[{"embeddable":true,"href":"https:\/\/contextoanalisisperiodistico.com\/index.php\/wp-json\/wp\/v2\/users\/2"}],"replies":[{"embeddable":true,"href":"https:\/\/contextoanalisisperiodistico.com\/index.php\/wp-json\/wp\/v2\/comments?post=7954"}],"version-history":[{"count":0,"href":"https:\/\/contextoanalisisperiodistico.com\/index.php\/wp-json\/wp\/v2\/posts\/7954\/revisions"}],"wp:featuredmedia":[{"embeddable":true,"href":"https:\/\/contextoanalisisperiodistico.com\/index.php\/wp-json\/"}],"wp:attachment":[{"href":"https:\/\/contextoanalisisperiodistico.com\/index.php\/wp-json\/wp\/v2\/media?parent=7954"}],"wp:term":[{"taxonomy":"category","embeddable":true,"href":"https:\/\/contextoanalisisperiodistico.com\/index.php\/wp-json\/wp\/v2\/categories?post=7954"},{"taxonomy":"post_tag","embeddable":true,"href":"https:\/\/contextoanalisisperiodistico.com\/index.php\/wp-json\/wp\/v2\/tags?post=7954"}],"curies":[{"name":"wp","href":"https:\/\/api.w.org\/{rel}","templated":true}]}}