{"id":7941,"date":"2023-02-05T13:47:06","date_gmt":"2023-02-05T19:47:06","guid":{"rendered":"http:\/\/contextoanalisisperiodistico.com.mx\/2023\/02\/05\/limpian-y-embellecen-vialidades-que-conducen-al-dif-hogar-de-familias-oaxaquenas\/"},"modified":"2023-02-05T13:47:06","modified_gmt":"2023-02-05T19:47:06","slug":"limpian-y-embellecen-vialidades-que-conducen-al-dif-hogar-de-familias-oaxaquenas","status":"publish","type":"post","link":"https:\/\/contextoanalisisperiodistico.com\/index.php\/2023\/02\/05\/limpian-y-embellecen-vialidades-que-conducen-al-dif-hogar-de-familias-oaxaquenas\/","title":{"rendered":"Limpian y embellecen vialidades que conducen al DIF, hogar de familias oaxaque\u00f1as"},"content":{"rendered":"<div id=\"fb-root\"><\/div>\n\n<p>\u25cf Rescatan, dignifican y honran la ruta que rodea y lleva al Sistema DIF Oaxaca <\/p>\n\n\n\n<p>\u25cfIrma Bola\u00f1os Quijano, personal de todas las \u00e1reas y, lo m\u00e1s importante, colonos y poblaci\u00f3n en general, con tequio, multiplicaron las manos en la obra pro tequio <\/p>\n\n\n\n<figure class=\"wp-block-image size-large\"><img decoding=\"async\" src=\"https:\/\/contextoinformacionyanalisisperiodistico.files.wordpress.com\/2023\/02\/img-20230205-wa00363874255803876905637.jpg?w=1024\" alt=\"\" class=\"wp-image-7934\" \/><\/figure>\n\n\n\n<figure class=\"wp-block-image\"><img decoding=\"async\" src=\"https:\/\/contextoinformacionyanalisisperiodistico.files.wordpress.com\/2023\/02\/img-20230205-wa00342589189660431784992.jpg?w=1024\" alt=\"\" class=\"wp-image-7935\" \/><\/figure>\n\n\n\n<figure class=\"wp-block-image\"><img decoding=\"async\" src=\"https:\/\/contextoinformacionyanalisisperiodistico.files.wordpress.com\/2023\/02\/img-20230205-wa003321510163448557984.jpg?w=1024\" alt=\"\" class=\"wp-image-7933\" \/><\/figure>\n\n\n\n<figure class=\"wp-block-image\"><img decoding=\"async\" src=\"https:\/\/contextoinformacionyanalisisperiodistico.files.wordpress.com\/2023\/02\/img-20230205-wa00381964962728734394949.jpg?w=1024\" alt=\"\" class=\"wp-image-7937\" \/><\/figure>\n\n\n\n<figure class=\"wp-block-image\"><img decoding=\"async\" src=\"https:\/\/contextoinformacionyanalisisperiodistico.files.wordpress.com\/2023\/02\/img-20230205-wa00407036957094125878816.jpg?w=1024\" alt=\"\" class=\"wp-image-7936\" \/><\/figure>\n\n\n\n<figure class=\"wp-block-image\"><img decoding=\"async\" src=\"https:\/\/contextoinformacionyanalisisperiodistico.files.wordpress.com\/2023\/02\/img-20230205-wa00394164832918419400441.jpg?w=1024\" alt=\"\" class=\"wp-image-7938\" \/><\/figure>\n\n\n\n<figure class=\"wp-block-image\"><img decoding=\"async\" src=\"https:\/\/contextoinformacionyanalisisperiodistico.files.wordpress.com\/2023\/02\/img-20230205-wa0035121241225019679675.jpg?w=1024\" alt=\"\" class=\"wp-image-7940\" \/><\/figure>\n\n\n\n<figure class=\"wp-block-image\"><img decoding=\"async\" src=\"https:\/\/contextoinformacionyanalisisperiodistico.files.wordpress.com\/2023\/02\/img-20230205-wa00325434923416937143465.jpg?w=1024\" alt=\"\" class=\"wp-image-7939\" \/><\/figure>\n\n\n\n<p>Oaxaca de Ju\u00e1rez, Oax., 05 de febrero de 2023. El equipo que conforma el Sistema Estatal para el Desarrollo Integral de la Familia (DIF) de Oaxaca se uni\u00f3 a las y los vecinos de la colonia Alem\u00e1n de la capital oaxaque\u00f1a para realizar un tequio en las calles y \u00e1reas comunes de esta zona donde se encuentran las instalaciones del organismo asistencial.<\/p>\n\n\n\n<p>Gracias a la nutrida participaci\u00f3n ciudadana es como se logr\u00f3 embellecer las vialidades y brindar mantenimiento a la pintura de las banquetas, en estas actividades fue crucial la participaci\u00f3n del personal de todas las \u00e1reas de esta instancia y de las personas que salieron de sus hogares para sumarse y aportar al objetivo de limpiar su colonia.<\/p>\n\n\n\n<p>Las actividades estuvieron encabezadas por Irma Bola\u00f1os Quijano, presidenta honoraria del DIF estatal, quien extern\u00f3 su gratitud y reconocimiento al personal de todas las direcciones de la instituci\u00f3n por responder a este llamado y por aportar con su tequio para el bienestar de Oaxaca.<\/p>\n\n\n\n<p>\u201cLas y los oaxaque\u00f1os merecen espacios limpios y dignos, por lo que es importante que retomemos esta actividad ancestral\u201d, destac\u00f3 Bola\u00f1os Quijano, al tiempo de convocar a la ciudadan\u00eda a mantener limpios los espacios p\u00fablicos y depositar la basura en su lugar.<\/p>\n\n\n\n<p>En tanto, habitantes de la colonia y representantes del Comit\u00e9 de Vida Vecinal calificaron como positiva esta acci\u00f3n, debido a que el equipo DIF convive la mayor parte de su tiempo en esta colonia, e hicieron un llamado a la poblaci\u00f3n para que tome conciencia y evite depositar sus residuos en la periferia de la colonia Alem\u00e1n.<\/p>\n\n\n\n<p>Como resultado de este trabajo se logr\u00f3 retirar la hierba seca y la basura acumulada sobre la avenida S\u00edmbolos Patrios, los alrededores del mercado \u201cMiguel Alem\u00e1n\u201d sobre la calle Presidente General Eulalio Guti\u00e9rrez y sobre la calle L\u00e1zaro C\u00e1rdenas por mencionar algunas, adem\u00e1s de limpiar todas las calles que conforman esta zona de la capital oaxaque\u00f1a.<\/p>\n","protected":false},"excerpt":{"rendered":"<p>\u25cf Rescatan, dignifican y honran la ruta que rodea y lleva al Sistema DIF Oaxaca&#8230;<\/p>\n","protected":false},"author":2,"featured_media":7932,"comment_status":"open","ping_status":"open","sticky":false,"template":"","format":"standard","meta":{"footnotes":""},"categories":[3],"tags":[],"jetpack_sharing_enabled":true,"featured_image_urls":{"full":"","thumbnail":"","medium":"","medium_large":"","large":"","1536x1536":"","2048x2048":"","covernews-slider-full":"","covernews-slider-center":"","covernews-featured":"","covernews-medium":"","covernews-medium-square":""},"author_info":{"display_name":"Miguel","author_link":"https:\/\/contextoanalisisperiodistico.com\/index.php\/author\/editor\/"},"category_info":"<a href=\"https:\/\/contextoanalisisperiodistico.com\/index.php\/category\/ciudad\/\" rel=\"category tag\">Ciudad<\/a>","tag_info":"Ciudad","comment_count":"0","jetpack_featured_media_url":"","_links":{"self":[{"href":"https:\/\/contextoanalisisperiodistico.com\/index.php\/wp-json\/wp\/v2\/posts\/7941"}],"collection":[{"href":"https:\/\/contextoanalisisperiodistico.com\/index.php\/wp-json\/wp\/v2\/posts"}],"about":[{"href":"https:\/\/contextoanalisisperiodistico.com\/index.php\/wp-json\/wp\/v2\/types\/post"}],"author":[{"embeddable":true,"href":"https:\/\/contextoanalisisperiodistico.com\/index.php\/wp-json\/wp\/v2\/users\/2"}],"replies":[{"embeddable":true,"href":"https:\/\/contextoanalisisperiodistico.com\/index.php\/wp-json\/wp\/v2\/comments?post=7941"}],"version-history":[{"count":0,"href":"https:\/\/contextoanalisisperiodistico.com\/index.php\/wp-json\/wp\/v2\/posts\/7941\/revisions"}],"wp:featuredmedia":[{"embeddable":true,"href":"https:\/\/contextoanalisisperiodistico.com\/index.php\/wp-json\/"}],"wp:attachment":[{"href":"https:\/\/contextoanalisisperiodistico.com\/index.php\/wp-json\/wp\/v2\/media?parent=7941"}],"wp:term":[{"taxonomy":"category","embeddable":true,"href":"https:\/\/contextoanalisisperiodistico.com\/index.php\/wp-json\/wp\/v2\/categories?post=7941"},{"taxonomy":"post_tag","embeddable":true,"href":"https:\/\/contextoanalisisperiodistico.com\/index.php\/wp-json\/wp\/v2\/tags?post=7941"}],"curies":[{"name":"wp","href":"https:\/\/api.w.org\/{rel}","templated":true}]}}