{"id":7910,"date":"2023-02-05T09:09:45","date_gmt":"2023-02-05T15:09:45","guid":{"rendered":"http:\/\/contextoanalisisperiodistico.com.mx\/?p=7910"},"modified":"2023-02-05T09:09:45","modified_gmt":"2023-02-05T15:09:45","slug":"oaxaca-de-juarez-consolida-su-estrategia-de-recoleccion-de-residuos-organicos","status":"publish","type":"post","link":"https:\/\/contextoanalisisperiodistico.com\/index.php\/2023\/02\/05\/oaxaca-de-juarez-consolida-su-estrategia-de-recoleccion-de-residuos-organicos\/","title":{"rendered":"Oaxaca de Ju\u00e1rez consolida su estrategia de recolecci\u00f3n de residuos org\u00e1nicos"},"content":{"rendered":"<div id=\"fb-root\"><\/div>\n\n<p>\u25cf \u00abLa ciudadan\u00eda lo est\u00e1 haciendo muy bien, mi\u00e9rcoles y s\u00e1bado, de residuos org\u00e1nicos\u00bb: Francisco Mart\u00ednez Neri <\/p>\n\n\n\n<p>Comunicado.- Estoy muy contento porque a pesar de las adversidades, con el apoyo de toda la ciudadan\u00eda estamos saliendo adelante y consolidando una nueva visi\u00f3n en materia de separaci\u00f3n y reducci\u00f3n de residuos s\u00f3lidos urbanos\u00bb, dijo el presidente municipal de Oaxaca de Ju\u00e1rez, Francisco Mart\u00ednez Neri.<\/p>\n\n\n\n<figure class=\"wp-block-video\"><video controls src=\"https:\/\/contextoinformacionyanalisisperiodistico.files.wordpress.com\/2023\/02\/vid-20230205-wa0005.mp4\"><\/video><\/figure>\n\n\n\n<p>Lo anterior al constatar, el d\u00eda de ayer, la calidad con la que llegaban los residuos org\u00e0nicos al centro de transferencia en el que se trituran para llevarlos, despu\u00e9s, a terrenos agr\u00edcolas.<\/p>\n\n\n\n<p>\u00abNo me queda m\u00e1s que agradecer a todas y todos e invitar a que sigamos en esta ruta para construir la ciudad educadora que queremos, acot\u00f3 con el optimismo reflejado en el rostro\u00bb.<\/p>\n\n\n\n<p>\u00abDe esta manera se demuestra que d\u00eda a d\u00eda se afianza el modelo de soluci\u00f3n que el municipio capitalino tiene dise\u00f1ado para el tratamiento del problema de la mal llamada \u00abbasura\u00bb, el cual consiste en separaci\u00f3n desde casa, recolecci\u00f3n diferenciada, compactaci\u00f3n de lo Inorg\u00e1nico no reciclable y su env\u00edo a la industria cementera, comercializaci\u00f3n de lo Inorg\u00e1nico reciclable, trituraci\u00f3n y compostaje de lo org\u00e0nico y su distribuci\u00f3n a los campesinos para el enriquecimiento de sus tierras\u00bb, concluy\u00f3. <\/p>\n","protected":false},"excerpt":{"rendered":"<p>\u25cf \u00abLa ciudadan\u00eda lo est\u00e1 haciendo muy bien, mi\u00e9rcoles y s\u00e1bado, de residuos org\u00e1nicos\u00bb: Francisco&#8230;<\/p>\n","protected":false},"author":2,"featured_media":7912,"comment_status":"open","ping_status":"open","sticky":false,"template":"","format":"standard","meta":{"footnotes":""},"categories":[7],"tags":[],"jetpack_sharing_enabled":true,"featured_image_urls":{"full":"","thumbnail":"","medium":"","medium_large":"","large":"","1536x1536":"","2048x2048":"","covernews-slider-full":"","covernews-slider-center":"","covernews-featured":"","covernews-medium":"","covernews-medium-square":""},"author_info":{"display_name":"Miguel","author_link":"https:\/\/contextoanalisisperiodistico.com\/index.php\/author\/editor\/"},"category_info":"<a href=\"https:\/\/contextoanalisisperiodistico.com\/index.php\/category\/municipios\/\" rel=\"category tag\">Municipios<\/a>","tag_info":"Municipios","comment_count":"0","jetpack_featured_media_url":"","_links":{"self":[{"href":"https:\/\/contextoanalisisperiodistico.com\/index.php\/wp-json\/wp\/v2\/posts\/7910"}],"collection":[{"href":"https:\/\/contextoanalisisperiodistico.com\/index.php\/wp-json\/wp\/v2\/posts"}],"about":[{"href":"https:\/\/contextoanalisisperiodistico.com\/index.php\/wp-json\/wp\/v2\/types\/post"}],"author":[{"embeddable":true,"href":"https:\/\/contextoanalisisperiodistico.com\/index.php\/wp-json\/wp\/v2\/users\/2"}],"replies":[{"embeddable":true,"href":"https:\/\/contextoanalisisperiodistico.com\/index.php\/wp-json\/wp\/v2\/comments?post=7910"}],"version-history":[{"count":0,"href":"https:\/\/contextoanalisisperiodistico.com\/index.php\/wp-json\/wp\/v2\/posts\/7910\/revisions"}],"wp:featuredmedia":[{"embeddable":true,"href":"https:\/\/contextoanalisisperiodistico.com\/index.php\/wp-json\/"}],"wp:attachment":[{"href":"https:\/\/contextoanalisisperiodistico.com\/index.php\/wp-json\/wp\/v2\/media?parent=7910"}],"wp:term":[{"taxonomy":"category","embeddable":true,"href":"https:\/\/contextoanalisisperiodistico.com\/index.php\/wp-json\/wp\/v2\/categories?post=7910"},{"taxonomy":"post_tag","embeddable":true,"href":"https:\/\/contextoanalisisperiodistico.com\/index.php\/wp-json\/wp\/v2\/tags?post=7910"}],"curies":[{"name":"wp","href":"https:\/\/api.w.org\/{rel}","templated":true}]}}