{"id":7877,"date":"2023-02-03T21:43:40","date_gmt":"2023-02-04T03:43:40","guid":{"rendered":"http:\/\/contextoanalisisperiodistico.com.mx\/?p=7877"},"modified":"2023-02-03T21:43:40","modified_gmt":"2023-02-04T03:43:40","slug":"ogaipo-desarrollo-panel-acciones-institucionales-en-torno-a-la-violencia-de-genero-contra-las-mujeres","status":"publish","type":"post","link":"https:\/\/contextoanalisisperiodistico.com\/index.php\/2023\/02\/03\/ogaipo-desarrollo-panel-acciones-institucionales-en-torno-a-la-violencia-de-genero-contra-las-mujeres\/","title":{"rendered":"OGAIPO desarroll\u00f3 panel \u00abAcciones Institucionales en Torno a la Violencia  de G\u00e9nero Contra las Mujeres\u00bb"},"content":{"rendered":"<div id=\"fb-root\"><\/div>\n\n<p>&nbsp;<\/p>\n\n\n\n<p>Oaxaca de Ju\u00e1rez, Oaxaca, a 03 de febrero de 2023. En instalaciones de la Casa de la Ciudad, el \u00d3rgano Garante de Acceso a la Informaci\u00f3n P\u00fablica, Transparencia, Protecci\u00f3n de Datos Personales y Buen Gobierno del Estado de Oaxaca (OGAIPO) llev\u00f3 a cabo el Panel \u201cAcciones institucionales en torno a la violencia de g\u00e9nero contra las mujeres\u201d.<\/p>\n\n\n\n<p>&nbsp;<\/p>\n\n\n\n<p>Con el objetivo de contribuir a la construcci\u00f3n de una sociedad libre de violencia de g\u00e9nero contra las mujeres y en seguimiento a lo dispuesto en el \u201cDec\u00e1logo para el fortalecimiento del enfoque de Derechos Humanos, Igualdad de G\u00e9nero e Inclusi\u00f3n Social\u201d emitido por el Sistema Nacional de Transparencia (SNT).<\/p>\n\n\n\n<p>&nbsp;<\/p>\n\n\n\n<p>En la mesa del pres\u00eddium se cont\u00f3 con la presencia de las Comisionadas X\u00f3chitl Elizabeth M\u00e9ndez S\u00e1nchez, Claudia Ivette Soto Pineda, Mar\u00eda Tanivet Ramos Reyes, por parte del OGAIPO, tambi\u00e9n se cont\u00f3 virtualmente con las destacadas participaciones de la Comisionada Presidenta del Instituto Estatal de Transparencia, Acceso a la Informaci\u00f3n P\u00fablica y Protecci\u00f3n de Datos Personales (INAIP Yucat\u00e1n), Mar\u00eda Gilda Segovia Chab que desarroll\u00f3 el t\u00f3pico sobre las acciones de prevenci\u00f3n y atenci\u00f3n de la violencia de g\u00e9nero contra las mujeres en el \u00e1mbito laboral, la experiencia del INAIP; la Comisionada del Instituto Duranguense de Acceso a la Informaci\u00f3n P\u00fablica y de Protecci\u00f3n de Datos Personales (IDAIP Durango) y Coordinadora de la Comisi\u00f3n de Derecho Humanos, Equidad de G\u00e9nero e Inclusi\u00f3n Social del SNT, Luz Mar\u00eda Mariscal C\u00e1rdenas, quien abord\u00f3 con el tema \u201cEfectos de la violencia de g\u00e9nero contra las mujeres en el \u00e1mbito laboral\u201d; de manera presencial, Patricia Flores Hern\u00e1ndez representante de la Secretar\u00eda de las Mujeres, desarroll\u00f3 el marco normativo en materia de violencia de g\u00e9nero contra las mujeres en el \u00e1mbito laboral.<\/p>\n\n\n\n<p>&nbsp;<\/p>\n\n\n\n<p>Por otra parte, contamos con la participaci\u00f3n de la Dip. Adriana Altamirano Rosales, Presidenta de la Comisi\u00f3n Permanente de Trabajo y Previsi\u00f3n Social de la Sexag\u00e9sima Quinta Legislatura del H. Congreso del Estado de Oaxaca y de Severina Ram\u00edrez R\u00edos en representaci\u00f3n de la Secretar\u00eda del Trabajo del Estado de Oaxaca.<\/p>\n\n\n\n<p>&nbsp;<\/p>\n\n\n\n<p>La Comisionada Claudia Ivette Soto Pineda, dio el mensaje de bienvenida y apertura el panel, asimismo, la Comisionada X\u00f3chitl Elizabeth M\u00e9ndez S\u00e1nchez moder\u00f3 el mismo. Al final del evento, la Comisionada Mar\u00eda Tanivet Ramos Reyes, otorg\u00f3 reconocimientos a las panelistas y clausur\u00f3 el evento.<\/p>\n\n\n\n<p>&nbsp;<\/p>\n\n\n\n<p>Visualiza el panel en el siguiente enlace:&nbsp;<a href=\"https:\/\/www.facebook.com\/OGAIPOax\/videos\/1409779606504095\" target=\"_blank\" rel=\"noreferrer noopener\">https:\/\/www.facebook.com\/OGAIPOax\/videos\/1409779606504095<\/a><\/p>\n","protected":false},"excerpt":{"rendered":"<p>&nbsp; Oaxaca de Ju\u00e1rez, Oaxaca, a 03 de febrero de 2023. En instalaciones de la&#8230;<\/p>\n","protected":false},"author":2,"featured_media":7879,"comment_status":"open","ping_status":"open","sticky":false,"template":"","format":"standard","meta":{"footnotes":""},"categories":[9],"tags":[],"jetpack_sharing_enabled":true,"featured_image_urls":{"full":"","thumbnail":"","medium":"","medium_large":"","large":"","1536x1536":"","2048x2048":"","covernews-slider-full":"","covernews-slider-center":"","covernews-featured":"","covernews-medium":"","covernews-medium-square":""},"author_info":{"display_name":"Miguel","author_link":"https:\/\/contextoanalisisperiodistico.com\/index.php\/author\/editor\/"},"category_info":"<a href=\"https:\/\/contextoanalisisperiodistico.com\/index.php\/category\/politica\/\" rel=\"category tag\">Pol\u00edtica<\/a>","tag_info":"Pol\u00edtica","comment_count":"0","jetpack_featured_media_url":"","_links":{"self":[{"href":"https:\/\/contextoanalisisperiodistico.com\/index.php\/wp-json\/wp\/v2\/posts\/7877"}],"collection":[{"href":"https:\/\/contextoanalisisperiodistico.com\/index.php\/wp-json\/wp\/v2\/posts"}],"about":[{"href":"https:\/\/contextoanalisisperiodistico.com\/index.php\/wp-json\/wp\/v2\/types\/post"}],"author":[{"embeddable":true,"href":"https:\/\/contextoanalisisperiodistico.com\/index.php\/wp-json\/wp\/v2\/users\/2"}],"replies":[{"embeddable":true,"href":"https:\/\/contextoanalisisperiodistico.com\/index.php\/wp-json\/wp\/v2\/comments?post=7877"}],"version-history":[{"count":0,"href":"https:\/\/contextoanalisisperiodistico.com\/index.php\/wp-json\/wp\/v2\/posts\/7877\/revisions"}],"wp:featuredmedia":[{"embeddable":true,"href":"https:\/\/contextoanalisisperiodistico.com\/index.php\/wp-json\/"}],"wp:attachment":[{"href":"https:\/\/contextoanalisisperiodistico.com\/index.php\/wp-json\/wp\/v2\/media?parent=7877"}],"wp:term":[{"taxonomy":"category","embeddable":true,"href":"https:\/\/contextoanalisisperiodistico.com\/index.php\/wp-json\/wp\/v2\/categories?post=7877"},{"taxonomy":"post_tag","embeddable":true,"href":"https:\/\/contextoanalisisperiodistico.com\/index.php\/wp-json\/wp\/v2\/tags?post=7877"}],"curies":[{"name":"wp","href":"https:\/\/api.w.org\/{rel}","templated":true}]}}