{"id":7861,"date":"2023-02-03T21:13:56","date_gmt":"2023-02-04T03:13:56","guid":{"rendered":"http:\/\/contextoanalisisperiodistico.com.mx\/?p=7861"},"modified":"2023-02-03T21:13:56","modified_gmt":"2023-02-04T03:13:56","slug":"anuncia-gobernador-de-oaxaca-comision-supervisora-de-obras-tras-afectaciones-por-huracan-agatha","status":"publish","type":"post","link":"https:\/\/contextoanalisisperiodistico.com\/index.php\/2023\/02\/03\/anuncia-gobernador-de-oaxaca-comision-supervisora-de-obras-tras-afectaciones-por-huracan-agatha\/","title":{"rendered":"Anuncia Gobernador de Oaxaca Comisi\u00f3n supervisora de obras tras afectaciones por hurac\u00e1n Agatha"},"content":{"rendered":"<div id=\"fb-root\"><\/div>\n\n<p>\u2022 El Mandatario oaxaque\u00f1o visit\u00f3 los municipios de San Miguel Suchixtepec, San Mateo Pi\u00f1as y Pluma Hidalgo<\/p>\n\n\n\n<p>Pluma Hidalgo, Oax., 03 de febrero de 2023.- El Gobernador del Estado, Salom\u00f3n Jara Cruz, anunci\u00f3 la creaci\u00f3n de una Comisi\u00f3n para revisar y supervisar la correcta ejecuci\u00f3n del recurso otorgado por el Gobierno de la Rep\u00fablica, a trav\u00e9s del Plan de Apoyo a Personas Afectadas por el Hurac\u00e1n Agatha.<\/p>\n\n\n\n<p>Lo anterior lo dio a conocer en el marco de la realizaci\u00f3n de Asambleas Evaluativas de este Programa Emergente, en las cuales fueron expuestas inquietudes y se\u00f1alamientos por parte de autoridades municipales y pobladores de diversas comunidades afectadas por el fen\u00f3meno meteorol\u00f3gico en mayo del a\u00f1o pasado.<\/p>\n\n\n\n<p>El Mandatario oaxaque\u00f1o reiter\u00f3 que \u201cla encomienda del Presidente de M\u00e9xico, Andr\u00e9s Manuel L\u00f3pez Obrador, es la de supervisar la inversi\u00f3n de seis mil 200 millones de pesos aproximadamente, para beneficiar a las comunidades y pueblos oaxaque\u00f1os\u201d.<\/p>\n\n\n\n<p>Inform\u00f3 que, durante las reuniones ha identificado que \u201cen algunos lugares las acciones van bien; en otros, regular y, en otros, mal; pero ya se est\u00e1 tomando nota de lo que se dice en las asambleas\u201d.<\/p>\n\n\n\n<p>En este sentido, anunci\u00f3 que el Gobierno del Estado crear\u00e1 una Comisi\u00f3n para que, junto a los Comit\u00e9s de Seguimiento en los municipios y acompa\u00f1ados del Gobierno Federal, supervisen y verifiquen las acciones y obras del Programa Emergente.<\/p>\n\n\n\n<p>Por parte de la administraci\u00f3n estatal, la Comisi\u00f3n estar\u00e1 integrada por las secretar\u00edas de Bienestar, Tequio e Inclusi\u00f3n; de Infraestructuras y Comunicaciones; de la Coordinaci\u00f3n Estatal de Protecci\u00f3n Civil y Gesti\u00f3n Integral de Riesgos, y la Comisi\u00f3n Estatal del Agua para el Bienestar.<\/p>\n\n\n\n<p>La Comisi\u00f3n reportar\u00e1 la situaci\u00f3n que encuentre en los municipios, para posteriormente volver a realizar asambleas e informar a las poblaciones los resultados, los cuales ser\u00e1n comunicados al Presidente de M\u00e9xico.<\/p>\n\n\n\n<p>El titular del Poder Ejecutivo estatal visit\u00f3 los municipios de San Miguel Suchixtepec, San Mateo Pi\u00f1as y Pluma Hidalgo.<\/p>\n\n\n\n<figure class=\"wp-block-image size-large\"><img decoding=\"async\" src=\"https:\/\/contextoinformacionyanalisisperiodistico.files.wordpress.com\/2023\/02\/img-20230203-wa00524530824495014850384.jpg?w=1024\" alt=\"\" class=\"wp-image-7864\" \/><\/figure>\n\n\n\n<figure class=\"wp-block-image\"><img decoding=\"async\" src=\"https:\/\/contextoinformacionyanalisisperiodistico.files.wordpress.com\/2023\/02\/img-20230203-wa00533341856978282450976.jpg?w=1024\" alt=\"\" class=\"wp-image-7865\" \/><\/figure>\n\n\n\n<figure class=\"wp-block-image\"><img decoding=\"async\" src=\"https:\/\/contextoinformacionyanalisisperiodistico.files.wordpress.com\/2023\/02\/img-20230203-wa00505919529640524994154.jpg?w=1024\" alt=\"\" class=\"wp-image-7868\" \/><\/figure>\n\n\n\n<figure class=\"wp-block-image\"><img decoding=\"async\" src=\"https:\/\/contextoinformacionyanalisisperiodistico.files.wordpress.com\/2023\/02\/img-20230203-wa00484665473528255859246.jpg?w=1024\" alt=\"\" class=\"wp-image-7867\" \/><\/figure>\n\n\n\n<figure class=\"wp-block-image\"><img decoding=\"async\" src=\"https:\/\/contextoinformacionyanalisisperiodistico.files.wordpress.com\/2023\/02\/img-20230203-wa00471530701234225967408.jpg?w=1024\" alt=\"\" class=\"wp-image-7866\" \/><\/figure>\n\n\n\n<figure class=\"wp-block-image\"><img decoding=\"async\" src=\"https:\/\/contextoinformacionyanalisisperiodistico.files.wordpress.com\/2023\/02\/img-20230203-wa0054200529222549979621.jpg?w=720\" alt=\"\" class=\"wp-image-7869\" \/><\/figure>\n\n\n\n<figure class=\"wp-block-image size-large\"><img decoding=\"async\" src=\"https:\/\/contextoinformacionyanalisisperiodistico.files.wordpress.com\/2023\/02\/img-20230203-wa0058922762817505235732.jpg?w=1024\" alt=\"\" class=\"wp-image-7871\" \/><\/figure>\n\n\n\n<figure class=\"wp-block-image\"><img decoding=\"async\" src=\"https:\/\/contextoinformacionyanalisisperiodistico.files.wordpress.com\/2023\/02\/img-20230203-wa00604884628892088676022.jpg?w=1024\" alt=\"\" class=\"wp-image-7870\" \/><\/figure>\n\n\n\n<figure class=\"wp-block-image\"><img decoding=\"async\" src=\"https:\/\/contextoinformacionyanalisisperiodistico.files.wordpress.com\/2023\/02\/img-20230203-wa00579209142508654867608.jpg?w=1024\" alt=\"\" class=\"wp-image-7872\" \/><\/figure>\n\n\n\n<figure class=\"wp-block-image\"><img decoding=\"async\" src=\"https:\/\/contextoinformacionyanalisisperiodistico.files.wordpress.com\/2023\/02\/img-20230203-wa00591455979245209026621.jpg?w=1024\" alt=\"\" class=\"wp-image-7873\" \/><\/figure>\n\n\n\n<figure class=\"wp-block-image\"><img decoding=\"async\" src=\"https:\/\/contextoinformacionyanalisisperiodistico.files.wordpress.com\/2023\/02\/img-20230203-wa0061260769766384875921.jpg?w=1024\" alt=\"\" class=\"wp-image-7874\" \/><\/figure>\n\n\n\n<figure class=\"wp-block-image\"><img decoding=\"async\" src=\"https:\/\/contextoinformacionyanalisisperiodistico.files.wordpress.com\/2023\/02\/img-20230203-wa00627303132554545617411.jpg?w=1024\" alt=\"\" class=\"wp-image-7875\" \/><\/figure>\n","protected":false},"excerpt":{"rendered":"<p>\u2022 El Mandatario oaxaque\u00f1o visit\u00f3 los municipios de San Miguel Suchixtepec, San Mateo Pi\u00f1as y&#8230;<\/p>\n","protected":false},"author":2,"featured_media":7863,"comment_status":"open","ping_status":"open","sticky":false,"template":"","format":"standard","meta":{"footnotes":""},"categories":[7],"tags":[],"jetpack_sharing_enabled":true,"featured_image_urls":{"full":"","thumbnail":"","medium":"","medium_large":"","large":"","1536x1536":"","2048x2048":"","covernews-slider-full":"","covernews-slider-center":"","covernews-featured":"","covernews-medium":"","covernews-medium-square":""},"author_info":{"display_name":"Miguel","author_link":"https:\/\/contextoanalisisperiodistico.com\/index.php\/author\/editor\/"},"category_info":"<a href=\"https:\/\/contextoanalisisperiodistico.com\/index.php\/category\/municipios\/\" rel=\"category tag\">Municipios<\/a>","tag_info":"Municipios","comment_count":"0","jetpack_featured_media_url":"","_links":{"self":[{"href":"https:\/\/contextoanalisisperiodistico.com\/index.php\/wp-json\/wp\/v2\/posts\/7861"}],"collection":[{"href":"https:\/\/contextoanalisisperiodistico.com\/index.php\/wp-json\/wp\/v2\/posts"}],"about":[{"href":"https:\/\/contextoanalisisperiodistico.com\/index.php\/wp-json\/wp\/v2\/types\/post"}],"author":[{"embeddable":true,"href":"https:\/\/contextoanalisisperiodistico.com\/index.php\/wp-json\/wp\/v2\/users\/2"}],"replies":[{"embeddable":true,"href":"https:\/\/contextoanalisisperiodistico.com\/index.php\/wp-json\/wp\/v2\/comments?post=7861"}],"version-history":[{"count":0,"href":"https:\/\/contextoanalisisperiodistico.com\/index.php\/wp-json\/wp\/v2\/posts\/7861\/revisions"}],"wp:featuredmedia":[{"embeddable":true,"href":"https:\/\/contextoanalisisperiodistico.com\/index.php\/wp-json\/"}],"wp:attachment":[{"href":"https:\/\/contextoanalisisperiodistico.com\/index.php\/wp-json\/wp\/v2\/media?parent=7861"}],"wp:term":[{"taxonomy":"category","embeddable":true,"href":"https:\/\/contextoanalisisperiodistico.com\/index.php\/wp-json\/wp\/v2\/categories?post=7861"},{"taxonomy":"post_tag","embeddable":true,"href":"https:\/\/contextoanalisisperiodistico.com\/index.php\/wp-json\/wp\/v2\/tags?post=7861"}],"curies":[{"name":"wp","href":"https:\/\/api.w.org\/{rel}","templated":true}]}}