{"id":7858,"date":"2023-02-03T20:58:29","date_gmt":"2023-02-04T02:58:29","guid":{"rendered":"http:\/\/contextoanalisisperiodistico.com.mx\/?p=7858"},"modified":"2023-02-03T20:58:29","modified_gmt":"2023-02-04T02:58:29","slug":"policia-municipal-detiene-a-persona-como-presunta-responsable-del-delito-de-robo","status":"publish","type":"post","link":"https:\/\/contextoanalisisperiodistico.com\/index.php\/2023\/02\/03\/policia-municipal-detiene-a-persona-como-presunta-responsable-del-delito-de-robo\/","title":{"rendered":"Polic\u00eda Municipal detiene a persona como presunta responsable del delito de robo"},"content":{"rendered":"<div id=\"fb-root\"><\/div>\n\n<p>Oaxaca de Ju\u00e1rez, Oax., 03 de febrero de 2023<\/p>\n\n\n\n<p>Elementos de la Polic\u00eda Municipal efectuaron la detenci\u00f3n de una persona al ser se\u00f1alada como presunta responsable del delito de robo.<\/p>\n\n\n\n<p><br>El secretario de Seguridad Ciudadana, Movilidad y Protecci\u00f3n Civil, Maestro Ra\u00fal \u00c1vila Ibarra, dio a conocer que los hechos tuvieron lugar el jueves a las 11:35 horas mientras aplicaban un operativo de prevenci\u00f3n en las inmediaciones del Mercado de Abasto.<\/p>\n\n\n\n<p><br>Al caminar en la calle Cosijop\u00ed, de la colonia Cosijoeza, frente a una tienda de abarrotes, fueron alertados sobre el robo de dinero en efectivo a una mujer adulta mayor, quien se encontraba en el establecimiento.<\/p>\n\n\n\n<p><br>Durante la entrevista, la afectada dijo que al dirigirse a la caja del establecimiento, con 5 mil pesos en las manos, se le acerc\u00f3 un sujeto y le arrebat\u00f3 el dinero, para luego salir corriendo y escapar.<\/p>\n\n\n\n<p><br>Los empleados de la tienda mostraron las grabaciones y pudieron establecer las caracter\u00edsticas del responsable, quien fue interceptado minutos despu\u00e9s en esa misma calle, encontr\u00e1ndole un su poder un cuchillo a aproximadamente 15 cent\u00edmetros de longitud.<\/p>\n\n\n\n<p><br>Al ser identificado por la ofendida, pidi\u00f3 su detenci\u00f3n y consignaci\u00f3n al Ministerio P\u00fablico. El detenido dijo llamarse Manuel de Jes\u00fas C. N. de 26 a\u00f1os de edad, mismo que qued\u00f3 a disposici\u00f3n de la Fiscal\u00eda General del Estado como presunto responsable del delito de robo.<\/p>\n\n\n\n<p><br>Con estas acciones, la Polic\u00eda Municipal refrenda su compromiso de proteger y servir a la ciudadan\u00eda.<\/p>\n\n\n\n<p><em>Polic\u00eda Municipal<\/em><br \/><em>Garante de seguridad y paz social<\/em><br \/><em>\u00a1Polic\u00eda Municipal, m\u00e1s cerca de ti!<\/em><\/p>\n","protected":false},"excerpt":{"rendered":"<p>Oaxaca de Ju\u00e1rez, Oax., 03 de febrero de 2023 Elementos de la Polic\u00eda Municipal efectuaron&#8230;<\/p>\n","protected":false},"author":2,"featured_media":7859,"comment_status":"open","ping_status":"open","sticky":false,"template":"","format":"standard","meta":{"footnotes":""},"categories":[10],"tags":[],"jetpack_sharing_enabled":true,"featured_image_urls":{"full":"","thumbnail":"","medium":"","medium_large":"","large":"","1536x1536":"","2048x2048":"","covernews-slider-full":"","covernews-slider-center":"","covernews-featured":"","covernews-medium":"","covernews-medium-square":""},"author_info":{"display_name":"Miguel","author_link":"https:\/\/contextoanalisisperiodistico.com\/index.php\/author\/editor\/"},"category_info":"<a href=\"https:\/\/contextoanalisisperiodistico.com\/index.php\/category\/seguridad\/\" rel=\"category tag\">Seguridad<\/a>","tag_info":"Seguridad","comment_count":"0","jetpack_featured_media_url":"","_links":{"self":[{"href":"https:\/\/contextoanalisisperiodistico.com\/index.php\/wp-json\/wp\/v2\/posts\/7858"}],"collection":[{"href":"https:\/\/contextoanalisisperiodistico.com\/index.php\/wp-json\/wp\/v2\/posts"}],"about":[{"href":"https:\/\/contextoanalisisperiodistico.com\/index.php\/wp-json\/wp\/v2\/types\/post"}],"author":[{"embeddable":true,"href":"https:\/\/contextoanalisisperiodistico.com\/index.php\/wp-json\/wp\/v2\/users\/2"}],"replies":[{"embeddable":true,"href":"https:\/\/contextoanalisisperiodistico.com\/index.php\/wp-json\/wp\/v2\/comments?post=7858"}],"version-history":[{"count":0,"href":"https:\/\/contextoanalisisperiodistico.com\/index.php\/wp-json\/wp\/v2\/posts\/7858\/revisions"}],"wp:featuredmedia":[{"embeddable":true,"href":"https:\/\/contextoanalisisperiodistico.com\/index.php\/wp-json\/"}],"wp:attachment":[{"href":"https:\/\/contextoanalisisperiodistico.com\/index.php\/wp-json\/wp\/v2\/media?parent=7858"}],"wp:term":[{"taxonomy":"category","embeddable":true,"href":"https:\/\/contextoanalisisperiodistico.com\/index.php\/wp-json\/wp\/v2\/categories?post=7858"},{"taxonomy":"post_tag","embeddable":true,"href":"https:\/\/contextoanalisisperiodistico.com\/index.php\/wp-json\/wp\/v2\/tags?post=7858"}],"curies":[{"name":"wp","href":"https:\/\/api.w.org\/{rel}","templated":true}]}}