{"id":7841,"date":"2023-02-03T18:34:37","date_gmt":"2023-02-04T00:34:37","guid":{"rendered":"http:\/\/contextoanalisisperiodistico.com.mx\/?p=7841"},"modified":"2023-02-03T18:34:37","modified_gmt":"2023-02-04T00:34:37","slug":"transparentes-y-hablar-con-la-verdad-instruccion-del-gobernador-salomon-jara-antonino-morales-toledo","status":"publish","type":"post","link":"https:\/\/contextoanalisisperiodistico.com\/index.php\/2023\/02\/03\/transparentes-y-hablar-con-la-verdad-instruccion-del-gobernador-salomon-jara-antonino-morales-toledo\/","title":{"rendered":"Transparentes y hablar con la verdad, instrucci\u00f3n del gobernador Salom\u00f3n Jara: Antonino Morales Toledo"},"content":{"rendered":"<div id=\"fb-root\"><\/div>\n\n<p>\u25cf Integraci\u00f3n y primera sesi\u00f3n del Comit\u00e9 de Transparencia de la Secretar\u00eda de Administraci\u00f3n <\/p>\n\n\n\n<p>Antonino Morales Toledo, Secretario de Administraci\u00f3n, puntualiza:<\/p>\n\n\n\n<p>\u00abEstamos comprometidos con ser transparentes y hablar con la verdad, es la instrucci\u00f3n de nuestro gobernador Salom\u00f3n Jara Cruz\u00bb.<\/p>\n\n\n\n<p>Informa: \u00abparticipamos en la Primera Sesi\u00f3n e Integraci\u00f3n del Comit\u00e9 de Transparencia de la Secretaria de Administraci\u00f3n\u00bb.<\/p>\n\n\n\n<p>Asegura: \u00abla ruta es clara y tiene objetivos precisos; vamos de frente con los procedimientos dervidados del cumplimiento de las disposiciones en materia de transparencia y acceso a la informaci\u00f3n p\u00fablica\u00bb.<\/p>\n\n\n\n<figure class=\"wp-block-image size-large\"><img decoding=\"async\" src=\"https:\/\/contextoinformacionyanalisisperiodistico.files.wordpress.com\/2023\/02\/fb_img_16754702797412404399862174809579.jpg?w=720\" alt=\"\" class=\"wp-image-7847\" \/><\/figure>\n\n\n\n<figure class=\"wp-block-image\"><img decoding=\"async\" src=\"https:\/\/contextoinformacionyanalisisperiodistico.files.wordpress.com\/2023\/02\/fb_img_16754703088573928107531408903381.jpg?w=720\" alt=\"\" class=\"wp-image-7848\" \/><\/figure>\n\n\n\n<figure class=\"wp-block-image\"><img decoding=\"async\" src=\"https:\/\/contextoinformacionyanalisisperiodistico.files.wordpress.com\/2023\/02\/fb_img_16754702926285047229652402254900.jpg?w=720\" alt=\"\" class=\"wp-image-7850\" \/><\/figure>\n\n\n\n<figure class=\"wp-block-image\"><img decoding=\"async\" src=\"https:\/\/contextoinformacionyanalisisperiodistico.files.wordpress.com\/2023\/02\/fb_img_16754702980593345979558745061134.jpg?w=720\" alt=\"\" class=\"wp-image-7851\" \/><\/figure>\n\n\n\n<figure class=\"wp-block-image\"><img decoding=\"async\" src=\"https:\/\/contextoinformacionyanalisisperiodistico.files.wordpress.com\/2023\/02\/fb_img_16754703124998420701188567385239.jpg?w=720\" alt=\"\" class=\"wp-image-7849\" \/><\/figure>\n\n\n\n<figure class=\"wp-block-image\"><img decoding=\"async\" src=\"https:\/\/contextoinformacionyanalisisperiodistico.files.wordpress.com\/2023\/02\/fb_img_16754703047245720859981712428197.jpg?w=720\" alt=\"\" class=\"wp-image-7852\" \/><\/figure>\n","protected":false},"excerpt":{"rendered":"<p>\u25cf Integraci\u00f3n y primera sesi\u00f3n del Comit\u00e9 de Transparencia de la Secretar\u00eda de Administraci\u00f3n Antonino&#8230;<\/p>\n","protected":false},"author":2,"featured_media":7846,"comment_status":"open","ping_status":"open","sticky":false,"template":"","format":"standard","meta":{"footnotes":""},"categories":[9],"tags":[20,34],"jetpack_sharing_enabled":true,"featured_image_urls":{"full":"","thumbnail":"","medium":"","medium_large":"","large":"","1536x1536":"","2048x2048":"","covernews-slider-full":"","covernews-slider-center":"","covernews-featured":"","covernews-medium":"","covernews-medium-square":""},"author_info":{"display_name":"Miguel","author_link":"https:\/\/contextoanalisisperiodistico.com\/index.php\/author\/editor\/"},"category_info":"<a href=\"https:\/\/contextoanalisisperiodistico.com\/index.php\/category\/politica\/\" rel=\"category tag\">Pol\u00edtica<\/a>","tag_info":"Pol\u00edtica","comment_count":"0","jetpack_featured_media_url":"","_links":{"self":[{"href":"https:\/\/contextoanalisisperiodistico.com\/index.php\/wp-json\/wp\/v2\/posts\/7841"}],"collection":[{"href":"https:\/\/contextoanalisisperiodistico.com\/index.php\/wp-json\/wp\/v2\/posts"}],"about":[{"href":"https:\/\/contextoanalisisperiodistico.com\/index.php\/wp-json\/wp\/v2\/types\/post"}],"author":[{"embeddable":true,"href":"https:\/\/contextoanalisisperiodistico.com\/index.php\/wp-json\/wp\/v2\/users\/2"}],"replies":[{"embeddable":true,"href":"https:\/\/contextoanalisisperiodistico.com\/index.php\/wp-json\/wp\/v2\/comments?post=7841"}],"version-history":[{"count":0,"href":"https:\/\/contextoanalisisperiodistico.com\/index.php\/wp-json\/wp\/v2\/posts\/7841\/revisions"}],"wp:featuredmedia":[{"embeddable":true,"href":"https:\/\/contextoanalisisperiodistico.com\/index.php\/wp-json\/"}],"wp:attachment":[{"href":"https:\/\/contextoanalisisperiodistico.com\/index.php\/wp-json\/wp\/v2\/media?parent=7841"}],"wp:term":[{"taxonomy":"category","embeddable":true,"href":"https:\/\/contextoanalisisperiodistico.com\/index.php\/wp-json\/wp\/v2\/categories?post=7841"},{"taxonomy":"post_tag","embeddable":true,"href":"https:\/\/contextoanalisisperiodistico.com\/index.php\/wp-json\/wp\/v2\/tags?post=7841"}],"curies":[{"name":"wp","href":"https:\/\/api.w.org\/{rel}","templated":true}]}}