{"id":7823,"date":"2023-02-03T16:51:46","date_gmt":"2023-02-03T22:51:46","guid":{"rendered":"http:\/\/contextoanalisisperiodistico.com.mx\/?p=7823"},"modified":"2023-02-03T16:51:46","modified_gmt":"2023-02-03T22:51:46","slug":"minutos-para-imaginar-fomenta-en-ninas-y-ninos-habito-de-la-lectura","status":"publish","type":"post","link":"https:\/\/contextoanalisisperiodistico.com\/index.php\/2023\/02\/03\/minutos-para-imaginar-fomenta-en-ninas-y-ninos-habito-de-la-lectura\/","title":{"rendered":"Minutos para imaginar, fomenta en ni\u00f1as y ni\u00f1os h\u00e1bito de la lectura"},"content":{"rendered":"<div id=\"fb-root\"><\/div>\n\n<p>(*) Nunca dejemos de imaginar<\/p>\n\n\n\n<p>(*) Reconozcamos nuestras ra\u00edces milenarias a trav\u00e9s del cuento\u00bb: Sistema DIF Oaxaca <\/p>\n\n\n\n<figure class=\"wp-block-video\"><video controls src=\"https:\/\/contextoinformacionyanalisisperiodistico.files.wordpress.com\/2023\/02\/vid-20230203-wa0032.mp4\"><\/video><\/figure>\n\n\n\n<figure class=\"wp-block-image size-large\"><img decoding=\"async\" src=\"https:\/\/contextoinformacionyanalisisperiodistico.files.wordpress.com\/2023\/02\/screenshot_20230203-163402_whatsapp6866154537166452814.jpg?w=720\" alt=\"\" class=\"wp-image-7826\" \/><\/figure>\n\n\n\n<figure class=\"wp-block-image\"><img decoding=\"async\" src=\"https:\/\/contextoinformacionyanalisisperiodistico.files.wordpress.com\/2023\/02\/screenshot_20230203-163359_whatsapp7218607257253543279.jpg?w=720\" alt=\"\" class=\"wp-image-7827\" \/><\/figure>\n\n\n\n<figure class=\"wp-block-image\"><img decoding=\"async\" src=\"https:\/\/contextoinformacionyanalisisperiodistico.files.wordpress.com\/2023\/02\/screenshot_20230203-163352_whatsapp4603626788163467706.jpg?w=720\" alt=\"\" class=\"wp-image-7830\" \/><\/figure>\n\n\n\n<figure class=\"wp-block-image\"><img decoding=\"async\" src=\"https:\/\/contextoinformacionyanalisisperiodistico.files.wordpress.com\/2023\/02\/screenshot_20230203-163404_whatsapp6631346724254777783.jpg?w=720\" alt=\"\" class=\"wp-image-7828\" \/><\/figure>\n\n\n\n<figure class=\"wp-block-image\"><img decoding=\"async\" src=\"https:\/\/contextoinformacionyanalisisperiodistico.files.wordpress.com\/2023\/02\/screenshot_20230203-163329_whatsapp80286825182109204.jpg?w=720\" alt=\"\" class=\"wp-image-7829\" \/><\/figure>\n\n\n\n<figure class=\"wp-block-image\"><img decoding=\"async\" src=\"https:\/\/contextoinformacionyanalisisperiodistico.files.wordpress.com\/2023\/02\/screenshot_20230203-163320_whatsapp8646220388597045933.jpg?w=720\" alt=\"\" class=\"wp-image-7831\" \/><\/figure>\n\n\n\n<figure class=\"wp-block-image\"><img decoding=\"async\" src=\"https:\/\/contextoinformacionyanalisisperiodistico.files.wordpress.com\/2023\/02\/screenshot_20230203-163324_whatsapp9220862076236511997.jpg?w=720\" alt=\"\" class=\"wp-image-7833\" \/><\/figure>\n\n\n\n<figure class=\"wp-block-image\"><img decoding=\"async\" src=\"https:\/\/contextoinformacionyanalisisperiodistico.files.wordpress.com\/2023\/02\/screenshot_20230203-163332_whatsapp3469495565603697386.jpg?w=720\" alt=\"\" class=\"wp-image-7834\" \/><\/figure>\n\n\n\n<figure class=\"wp-block-image\"><img decoding=\"async\" src=\"https:\/\/contextoinformacionyanalisisperiodistico.files.wordpress.com\/2023\/02\/screenshot_20230203-163339_whatsapp8839922705262268290.jpg?w=720\" alt=\"\" class=\"wp-image-7835\" \/><\/figure>\n\n\n\n<figure class=\"wp-block-image\"><img decoding=\"async\" src=\"https:\/\/contextoinformacionyanalisisperiodistico.files.wordpress.com\/2023\/02\/screenshot_20230203-163348_whatsapp6742072374272829281.jpg?w=720\" alt=\"\" class=\"wp-image-7836\" \/><\/figure>\n\n\n\n<figure class=\"wp-block-image\"><img decoding=\"async\" src=\"https:\/\/contextoinformacionyanalisisperiodistico.files.wordpress.com\/2023\/02\/screenshot_20230203-163337_whatsapp8365876249439751792.jpg?w=720\" alt=\"\" class=\"wp-image-7838\" \/><\/figure>\n\n\n\n<figure class=\"wp-block-image\"><img decoding=\"async\" src=\"https:\/\/contextoinformacionyanalisisperiodistico.files.wordpress.com\/2023\/02\/screenshot_20230203-163335_whatsapp4611716837832199081.jpg?w=720\" alt=\"\" class=\"wp-image-7837\" \/><\/figure>\n\n\n\n<p><\/p>\n","protected":false},"excerpt":{"rendered":"<p>(*) Nunca dejemos de imaginar (*) Reconozcamos nuestras ra\u00edces milenarias a trav\u00e9s del cuento\u00bb: Sistema&#8230;<\/p>\n","protected":false},"author":2,"featured_media":7824,"comment_status":"open","ping_status":"open","sticky":false,"template":"","format":"standard","meta":{"footnotes":""},"categories":[3],"tags":[],"jetpack_sharing_enabled":true,"featured_image_urls":{"full":"","thumbnail":"","medium":"","medium_large":"","large":"","1536x1536":"","2048x2048":"","covernews-slider-full":"","covernews-slider-center":"","covernews-featured":"","covernews-medium":"","covernews-medium-square":""},"author_info":{"display_name":"Miguel","author_link":"https:\/\/contextoanalisisperiodistico.com\/index.php\/author\/editor\/"},"category_info":"<a href=\"https:\/\/contextoanalisisperiodistico.com\/index.php\/category\/ciudad\/\" rel=\"category tag\">Ciudad<\/a>","tag_info":"Ciudad","comment_count":"0","jetpack_featured_media_url":"","_links":{"self":[{"href":"https:\/\/contextoanalisisperiodistico.com\/index.php\/wp-json\/wp\/v2\/posts\/7823"}],"collection":[{"href":"https:\/\/contextoanalisisperiodistico.com\/index.php\/wp-json\/wp\/v2\/posts"}],"about":[{"href":"https:\/\/contextoanalisisperiodistico.com\/index.php\/wp-json\/wp\/v2\/types\/post"}],"author":[{"embeddable":true,"href":"https:\/\/contextoanalisisperiodistico.com\/index.php\/wp-json\/wp\/v2\/users\/2"}],"replies":[{"embeddable":true,"href":"https:\/\/contextoanalisisperiodistico.com\/index.php\/wp-json\/wp\/v2\/comments?post=7823"}],"version-history":[{"count":0,"href":"https:\/\/contextoanalisisperiodistico.com\/index.php\/wp-json\/wp\/v2\/posts\/7823\/revisions"}],"wp:featuredmedia":[{"embeddable":true,"href":"https:\/\/contextoanalisisperiodistico.com\/index.php\/wp-json\/"}],"wp:attachment":[{"href":"https:\/\/contextoanalisisperiodistico.com\/index.php\/wp-json\/wp\/v2\/media?parent=7823"}],"wp:term":[{"taxonomy":"category","embeddable":true,"href":"https:\/\/contextoanalisisperiodistico.com\/index.php\/wp-json\/wp\/v2\/categories?post=7823"},{"taxonomy":"post_tag","embeddable":true,"href":"https:\/\/contextoanalisisperiodistico.com\/index.php\/wp-json\/wp\/v2\/tags?post=7823"}],"curies":[{"name":"wp","href":"https:\/\/api.w.org\/{rel}","templated":true}]}}