{"id":7780,"date":"2023-02-02T18:26:36","date_gmt":"2023-02-03T00:26:36","guid":{"rendered":"http:\/\/contextoanalisisperiodistico.com.mx\/?p=7780"},"modified":"2023-02-02T18:26:36","modified_gmt":"2023-02-03T00:26:36","slug":"martinez-neri-100-millones-de-pesos-comprueba-importante-incremento-recaudatorio","status":"publish","type":"post","link":"https:\/\/contextoanalisisperiodistico.com\/index.php\/2023\/02\/02\/martinez-neri-100-millones-de-pesos-comprueba-importante-incremento-recaudatorio\/","title":{"rendered":"Mart\u00ednez Neri: 100 millones de pesos comprueba importante incremento recaudatorio"},"content":{"rendered":"<div id=\"fb-root\"><\/div>\n\n<p>(<em>*) Es lo recaudado hasta el d\u00eda de ayer <\/em><\/p>\n\n\n\n<p><em>(<\/em>*) 200 millones de pesos, meta recaudatoria 2023<\/p>\n\n\n\n<p>(*) En otro punto relevante, se estableci\u00f3 que el d\u00eda 11 de febrero podr\u00eda arrancar la obra de rehabilitaci\u00f3n en la zona de comedores y venta de pan, de la Central de Abasto, en donde 200 millones de pesos invertir\u00e1 el Gobierno Federal<\/p>\n\n\n\n<p><br>Mario GIR\u00d3N<\/p>\n\n\n\n<p><br>Un promedio de 100 millones de pesos pagados por contribuyentes capitalinos, hasta el d\u00eda de ayer, al presidente municipal, Francisco Mart\u00ednez Neri, le permite reconocer que la recaudaci\u00f3n tributaria se ha incrementado de manera importante, tomando en consideraci\u00f3n que, hasta el momento, se ha captado m\u00e1s dinero de lo obtenido por esta fecha el a\u00f1o pasado, tambi\u00e9n  del 2022 con relaci\u00f3n al 2021.<\/p>\n\n\n\n<p><br>\u201c200 millones de pesos es la meta recaudatoria 2023\u201d, inform\u00f3 el Edil capitalino al t\u00e9rmino de la Sesi\u00f3n Ordinaria de Cabildo, en donde, en asuntos generales, se destac\u00f3 el tema de la Central de Abasto, la remodelaci\u00f3n de la zona de comedores y venta de pan.<\/p>\n\n\n\n<p>Explic\u00f3 que a cargo del Gobierno Federal est\u00e1 la inversi\u00f3n de 200 millones de pesos para concretar un objetivo de tan importante n\u00famero de comerciantes. Mientras se concreta la reubicaci\u00f3n de comerciantes beneficiados con tan importante obra p\u00fablica federal, calculan que los trabajos podr\u00edan arrancar el 11 de febrero y concluir en diciembre pr\u00f3ximo.<\/p>\n\n\n\n<figure class=\"wp-block-video\"><video controls src=\"https:\/\/contextoinformacionyanalisisperiodistico.files.wordpress.com\/2023\/02\/20230202_144910.mp4\"><\/video><\/figure>\n\n\n\n<figure class=\"wp-block-video\"><video controls src=\"https:\/\/contextoinformacionyanalisisperiodistico.files.wordpress.com\/2023\/02\/20230202_144708.mp4\"><\/video><\/figure>\n","protected":false},"excerpt":{"rendered":"<p>(*) Es lo recaudado hasta el d\u00eda de ayer (*) 200 millones de pesos, meta&#8230;<\/p>\n","protected":false},"author":2,"featured_media":7782,"comment_status":"open","ping_status":"open","sticky":false,"template":"","format":"standard","meta":{"footnotes":""},"categories":[7],"tags":[],"jetpack_sharing_enabled":true,"featured_image_urls":{"full":"","thumbnail":"","medium":"","medium_large":"","large":"","1536x1536":"","2048x2048":"","covernews-slider-full":"","covernews-slider-center":"","covernews-featured":"","covernews-medium":"","covernews-medium-square":""},"author_info":{"display_name":"Miguel","author_link":"https:\/\/contextoanalisisperiodistico.com\/index.php\/author\/editor\/"},"category_info":"<a href=\"https:\/\/contextoanalisisperiodistico.com\/index.php\/category\/municipios\/\" rel=\"category tag\">Municipios<\/a>","tag_info":"Municipios","comment_count":"0","jetpack_featured_media_url":"","_links":{"self":[{"href":"https:\/\/contextoanalisisperiodistico.com\/index.php\/wp-json\/wp\/v2\/posts\/7780"}],"collection":[{"href":"https:\/\/contextoanalisisperiodistico.com\/index.php\/wp-json\/wp\/v2\/posts"}],"about":[{"href":"https:\/\/contextoanalisisperiodistico.com\/index.php\/wp-json\/wp\/v2\/types\/post"}],"author":[{"embeddable":true,"href":"https:\/\/contextoanalisisperiodistico.com\/index.php\/wp-json\/wp\/v2\/users\/2"}],"replies":[{"embeddable":true,"href":"https:\/\/contextoanalisisperiodistico.com\/index.php\/wp-json\/wp\/v2\/comments?post=7780"}],"version-history":[{"count":0,"href":"https:\/\/contextoanalisisperiodistico.com\/index.php\/wp-json\/wp\/v2\/posts\/7780\/revisions"}],"wp:featuredmedia":[{"embeddable":true,"href":"https:\/\/contextoanalisisperiodistico.com\/index.php\/wp-json\/"}],"wp:attachment":[{"href":"https:\/\/contextoanalisisperiodistico.com\/index.php\/wp-json\/wp\/v2\/media?parent=7780"}],"wp:term":[{"taxonomy":"category","embeddable":true,"href":"https:\/\/contextoanalisisperiodistico.com\/index.php\/wp-json\/wp\/v2\/categories?post=7780"},{"taxonomy":"post_tag","embeddable":true,"href":"https:\/\/contextoanalisisperiodistico.com\/index.php\/wp-json\/wp\/v2\/tags?post=7780"}],"curies":[{"name":"wp","href":"https:\/\/api.w.org\/{rel}","templated":true}]}}