{"id":7775,"date":"2023-02-02T17:32:48","date_gmt":"2023-02-02T23:32:48","guid":{"rendered":"http:\/\/contextoanalisisperiodistico.com.mx\/2023\/02\/02\/la-candelaria-ocasion-para-estrechar-lazos-antonino-morales-toledo\/"},"modified":"2023-02-02T17:32:48","modified_gmt":"2023-02-02T23:32:48","slug":"la-candelaria-ocasion-para-estrechar-lazos-antonino-morales-toledo","status":"publish","type":"post","link":"https:\/\/contextoanalisisperiodistico.com\/index.php\/2023\/02\/02\/la-candelaria-ocasion-para-estrechar-lazos-antonino-morales-toledo\/","title":{"rendered":"\u00abLa Candelaria, ocasi\u00f3n para estrechar lazos\u00bb: Antonino Morales Toledo"},"content":{"rendered":"<div id=\"fb-root\"><\/div>\n\n<p>Personal de la Secretar\u00eda de Administraci\u00f3n, liderados por el titular de la misma, Antonino Morales Toledo, hicieron valer el compromiso de la palabra, esta ma\u00f1ana. <\/p>\n\n\n\n<figure class=\"wp-block-video\"><video controls src=\"https:\/\/contextoinformacionyanalisisperiodistico.files.wordpress.com\/2023\/02\/vid-20230202-wa0035.mp4\"><\/video><\/figure>\n\n\n\n<figure class=\"wp-block-image size-large\"><img decoding=\"async\" src=\"https:\/\/contextoinformacionyanalisisperiodistico.files.wordpress.com\/2023\/02\/screenshot_20230202-171248_whatsapp6795710934117738392.jpg?w=436\" alt=\"\" class=\"wp-image-7765\" \/><\/figure>\n\n\n\n<figure class=\"wp-block-image\"><img decoding=\"async\" src=\"https:\/\/contextoinformacionyanalisisperiodistico.files.wordpress.com\/2023\/02\/screenshot_20230202-171255_whatsapp2257684320643004513.jpg?w=720\" alt=\"\" class=\"wp-image-7766\" \/><\/figure>\n\n\n\n<figure class=\"wp-block-image\"><img decoding=\"async\" src=\"https:\/\/contextoinformacionyanalisisperiodistico.files.wordpress.com\/2023\/02\/screenshot_20230202-171245_whatsapp9042994099948333004.jpg?w=720\" alt=\"\" class=\"wp-image-7767\" \/><\/figure>\n\n\n\n<figure class=\"wp-block-image\"><img decoding=\"async\" src=\"https:\/\/contextoinformacionyanalisisperiodistico.files.wordpress.com\/2023\/02\/screenshot_20230202-171232_whatsapp7472602434235665047.jpg?w=720\" alt=\"\" class=\"wp-image-7769\" \/><\/figure>\n\n\n\n<figure class=\"wp-block-image\"><img decoding=\"async\" src=\"https:\/\/contextoinformacionyanalisisperiodistico.files.wordpress.com\/2023\/02\/screenshot_20230202-171238_whatsapp6730428190772605454.jpg?w=720\" alt=\"\" class=\"wp-image-7768\" \/><\/figure>\n\n\n\n<figure class=\"wp-block-image\"><img decoding=\"async\" src=\"https:\/\/contextoinformacionyanalisisperiodistico.files.wordpress.com\/2023\/02\/screenshot_20230202-171235_whatsapp3790850929711900715.jpg?w=559\" alt=\"\" class=\"wp-image-7770\" \/><\/figure>\n\n\n\n<figure class=\"wp-block-image\"><img decoding=\"async\" src=\"https:\/\/contextoinformacionyanalisisperiodistico.files.wordpress.com\/2023\/02\/screenshot_20230202-171240_whatsapp5089112192934265904.jpg?w=720\" alt=\"\" class=\"wp-image-7771\" \/><\/figure>\n\n\n\n<figure class=\"wp-block-image\"><img decoding=\"async\" src=\"https:\/\/contextoinformacionyanalisisperiodistico.files.wordpress.com\/2023\/02\/screenshot_20230202-171227_whatsapp948145932454535265.jpg?w=488\" alt=\"\" class=\"wp-image-7772\" \/><\/figure>\n\n\n\n<figure class=\"wp-block-image\"><img decoding=\"async\" src=\"https:\/\/contextoinformacionyanalisisperiodistico.files.wordpress.com\/2023\/02\/screenshot_20230202-171218_whatsapp2159872071769892078.jpg?w=701\" alt=\"\" class=\"wp-image-7773\" \/><\/figure>\n\n\n\n<figure class=\"wp-block-image\"><img decoding=\"async\" src=\"https:\/\/contextoinformacionyanalisisperiodistico.files.wordpress.com\/2023\/02\/screenshot_20230202-171918_whatsapp8907163390710868290.jpg?w=720\" alt=\"\" class=\"wp-image-7774\" \/><\/figure>\n\n\n\n<p>El Secretario de Administraci\u00f3n del Gobierno del Estado, destac\u00f3:<\/p>\n\n\n\n<p>\u00abCelebrar el D\u00eda de la Candelaria con mis compa\u00f1eras y compa\u00f1eros trabajadores de la Secretar\u00eda de Administraci\u00f3n, fue una gran oportunidad para estrechar lazos\u00bb.<\/p>\n","protected":false},"excerpt":{"rendered":"<p>Personal de la Secretar\u00eda de Administraci\u00f3n, liderados por el titular de la misma, Antonino Morales&#8230;<\/p>\n","protected":false},"author":2,"featured_media":7763,"comment_status":"open","ping_status":"open","sticky":false,"template":"","format":"standard","meta":{"footnotes":""},"categories":[9],"tags":[16,21,41],"jetpack_sharing_enabled":true,"featured_image_urls":{"full":"","thumbnail":"","medium":"","medium_large":"","large":"","1536x1536":"","2048x2048":"","covernews-slider-full":"","covernews-slider-center":"","covernews-featured":"","covernews-medium":"","covernews-medium-square":""},"author_info":{"display_name":"Miguel","author_link":"https:\/\/contextoanalisisperiodistico.com\/index.php\/author\/editor\/"},"category_info":"<a href=\"https:\/\/contextoanalisisperiodistico.com\/index.php\/category\/politica\/\" rel=\"category tag\">Pol\u00edtica<\/a>","tag_info":"Pol\u00edtica","comment_count":"0","jetpack_featured_media_url":"","_links":{"self":[{"href":"https:\/\/contextoanalisisperiodistico.com\/index.php\/wp-json\/wp\/v2\/posts\/7775"}],"collection":[{"href":"https:\/\/contextoanalisisperiodistico.com\/index.php\/wp-json\/wp\/v2\/posts"}],"about":[{"href":"https:\/\/contextoanalisisperiodistico.com\/index.php\/wp-json\/wp\/v2\/types\/post"}],"author":[{"embeddable":true,"href":"https:\/\/contextoanalisisperiodistico.com\/index.php\/wp-json\/wp\/v2\/users\/2"}],"replies":[{"embeddable":true,"href":"https:\/\/contextoanalisisperiodistico.com\/index.php\/wp-json\/wp\/v2\/comments?post=7775"}],"version-history":[{"count":0,"href":"https:\/\/contextoanalisisperiodistico.com\/index.php\/wp-json\/wp\/v2\/posts\/7775\/revisions"}],"wp:featuredmedia":[{"embeddable":true,"href":"https:\/\/contextoanalisisperiodistico.com\/index.php\/wp-json\/"}],"wp:attachment":[{"href":"https:\/\/contextoanalisisperiodistico.com\/index.php\/wp-json\/wp\/v2\/media?parent=7775"}],"wp:term":[{"taxonomy":"category","embeddable":true,"href":"https:\/\/contextoanalisisperiodistico.com\/index.php\/wp-json\/wp\/v2\/categories?post=7775"},{"taxonomy":"post_tag","embeddable":true,"href":"https:\/\/contextoanalisisperiodistico.com\/index.php\/wp-json\/wp\/v2\/tags?post=7775"}],"curies":[{"name":"wp","href":"https:\/\/api.w.org\/{rel}","templated":true}]}}