{"id":7671,"date":"2023-01-31T18:09:34","date_gmt":"2023-02-01T00:09:34","guid":{"rendered":"http:\/\/contextoanalisisperiodistico.com.mx\/2023\/01\/31\/la-separacion-base-de-estrategia-para-resolver-de-fondo-problema-de-basura-en-la-ciudad\/"},"modified":"2023-01-31T18:09:34","modified_gmt":"2023-02-01T00:09:34","slug":"la-separacion-base-de-estrategia-para-resolver-de-fondo-problema-de-basura-en-la-ciudad","status":"publish","type":"post","link":"https:\/\/contextoanalisisperiodistico.com\/index.php\/2023\/01\/31\/la-separacion-base-de-estrategia-para-resolver-de-fondo-problema-de-basura-en-la-ciudad\/","title":{"rendered":"La separaci\u00f3n, base de  estrategia para resolver de fondo problema de basura en la ciudad"},"content":{"rendered":"<div id=\"fb-root\"><\/div>\n\n<p>(*) Capitalinos ya son parte de la soluci\u00f3n a un problema que el presidente municipal, Francisco Mart\u00ednez Neri, con participaci\u00f3n de todos, trabaja para resolver de fondo tan importante problema peligroso para la salud <\/p>\n\n\n\n<p>Comunicado.-La separaci\u00f3n de los Residuos S\u00f3lidos Urbanos y su aprovechamiento diferenciado, es la base de la estrategia del presidente municipal de Oaxaca de Ju\u00e1rez, Francisco Mart\u00ednez Neri, para dar soluci\u00f3n de fondo al problema de la \u00abbasura\u00bb.<\/p>\n\n\n\n<p>En el caso de los residuos org\u00e1nicos, despu\u00e9s de recolectarlos se trituran y son entregados a las y los agricultores para enriquecer sus tierras.<\/p>\n\n\n\n<figure class=\"wp-block-video\"><video controls src=\"https:\/\/contextoinformacionyanalisisperiodistico.files.wordpress.com\/2023\/01\/vid-20230131-wa0064.mp4\"><\/video><\/figure>\n\n\n\n<figure class=\"wp-block-image size-large\"><img decoding=\"async\" src=\"https:\/\/contextoinformacionyanalisisperiodistico.files.wordpress.com\/2023\/01\/screenshot_20230131-175242_whatsapp1149753785378553198.jpg?w=720\" alt=\"\" class=\"wp-image-7666\" \/><\/figure>\n\n\n\n<figure class=\"wp-block-image\"><img decoding=\"async\" src=\"https:\/\/contextoinformacionyanalisisperiodistico.files.wordpress.com\/2023\/01\/screenshot_20230131-175250_whatsapp6387516778296816780.jpg?w=720\" alt=\"\" class=\"wp-image-7668\" \/><\/figure>\n\n\n\n<figure class=\"wp-block-image\"><img decoding=\"async\" src=\"https:\/\/contextoinformacionyanalisisperiodistico.files.wordpress.com\/2023\/01\/screenshot_20230131-175302_whatsapp8740659349746008599.jpg?w=720\" alt=\"\" class=\"wp-image-7669\" \/><\/figure>\n\n\n\n<figure class=\"wp-block-image\"><img decoding=\"async\" src=\"https:\/\/contextoinformacionyanalisisperiodistico.files.wordpress.com\/2023\/01\/screenshot_20230131-175254_whatsapp4519304243610005463.jpg?w=720\" alt=\"\" class=\"wp-image-7667\" \/><\/figure>\n\n\n\n<figure class=\"wp-block-image\"><img decoding=\"async\" src=\"https:\/\/contextoinformacionyanalisisperiodistico.files.wordpress.com\/2023\/01\/screenshot_20230131-175309_whatsapp8138171519882524743.jpg?w=720\" alt=\"\" class=\"wp-image-7670\" \/><\/figure>\n","protected":false},"excerpt":{"rendered":"<p>(*) Capitalinos ya son parte de la soluci\u00f3n a un problema que el presidente municipal,&#8230;<\/p>\n","protected":false},"author":2,"featured_media":7664,"comment_status":"open","ping_status":"open","sticky":false,"template":"","format":"standard","meta":{"footnotes":""},"categories":[7],"tags":[],"jetpack_sharing_enabled":true,"featured_image_urls":{"full":"","thumbnail":"","medium":"","medium_large":"","large":"","1536x1536":"","2048x2048":"","covernews-slider-full":"","covernews-slider-center":"","covernews-featured":"","covernews-medium":"","covernews-medium-square":""},"author_info":{"display_name":"Miguel","author_link":"https:\/\/contextoanalisisperiodistico.com\/index.php\/author\/editor\/"},"category_info":"<a href=\"https:\/\/contextoanalisisperiodistico.com\/index.php\/category\/municipios\/\" rel=\"category tag\">Municipios<\/a>","tag_info":"Municipios","comment_count":"0","jetpack_featured_media_url":"","_links":{"self":[{"href":"https:\/\/contextoanalisisperiodistico.com\/index.php\/wp-json\/wp\/v2\/posts\/7671"}],"collection":[{"href":"https:\/\/contextoanalisisperiodistico.com\/index.php\/wp-json\/wp\/v2\/posts"}],"about":[{"href":"https:\/\/contextoanalisisperiodistico.com\/index.php\/wp-json\/wp\/v2\/types\/post"}],"author":[{"embeddable":true,"href":"https:\/\/contextoanalisisperiodistico.com\/index.php\/wp-json\/wp\/v2\/users\/2"}],"replies":[{"embeddable":true,"href":"https:\/\/contextoanalisisperiodistico.com\/index.php\/wp-json\/wp\/v2\/comments?post=7671"}],"version-history":[{"count":0,"href":"https:\/\/contextoanalisisperiodistico.com\/index.php\/wp-json\/wp\/v2\/posts\/7671\/revisions"}],"wp:featuredmedia":[{"embeddable":true,"href":"https:\/\/contextoanalisisperiodistico.com\/index.php\/wp-json\/"}],"wp:attachment":[{"href":"https:\/\/contextoanalisisperiodistico.com\/index.php\/wp-json\/wp\/v2\/media?parent=7671"}],"wp:term":[{"taxonomy":"category","embeddable":true,"href":"https:\/\/contextoanalisisperiodistico.com\/index.php\/wp-json\/wp\/v2\/categories?post=7671"},{"taxonomy":"post_tag","embeddable":true,"href":"https:\/\/contextoanalisisperiodistico.com\/index.php\/wp-json\/wp\/v2\/tags?post=7671"}],"curies":[{"name":"wp","href":"https:\/\/api.w.org\/{rel}","templated":true}]}}