{"id":7661,"date":"2023-01-31T14:15:55","date_gmt":"2023-01-31T20:15:55","guid":{"rendered":"http:\/\/contextoanalisisperiodistico.com.mx\/?p=7661"},"modified":"2023-01-31T14:15:55","modified_gmt":"2023-01-31T20:15:55","slug":"congreso-declara-improcedente-autorizar-partidas-presupuestales-para-pago-de-laudos","status":"publish","type":"post","link":"https:\/\/contextoanalisisperiodistico.com\/index.php\/2023\/01\/31\/congreso-declara-improcedente-autorizar-partidas-presupuestales-para-pago-de-laudos\/","title":{"rendered":"Congreso declara improcedente autorizar partidas presupuestales para pago de laudos"},"content":{"rendered":"<div id=\"fb-root\"><\/div>\n\n<p>&nbsp;<\/p>\n\n\n\n<p>\u2022 Los ayuntamientos de San Juan Bautista Valle Nacional y Ciudad Ixtepec solicitaron una partida presupuestal especial por un monto de 10 millones 383 mil 481 pesos.&nbsp;<\/p>\n\n\n\n<p>&nbsp;<\/p>\n\n\n\n<p><strong>San Raymundo Jalpan, Oax. 31 de enero de 2023.-<\/strong>&nbsp;El Congreso de Oaxaca declar\u00f3 improcedente autorizar partidas presupuestales especiales en el presupuesto de egresos para el ejercicio fiscal 2023 a los ayuntamientos de San Juan Bautista Valle Nacional y Ciudad Ixtepec, para el pago de laudos.<\/p>\n\n\n\n<p>&nbsp;<\/p>\n\n\n\n<p>Con 32 votos, el Pleno aprob\u00f3 los dict\u00e1menes resueltos por la Comisi\u00f3n Permanente de Presupuesto y Programaci\u00f3n.&nbsp;<\/p>\n\n\n\n<p>&nbsp;<\/p>\n\n\n\n<p>El ayuntamiento de Ciudad Ixtepec solicit\u00f3 una partida presupuestal de tres millones 92 mil 329 pesos con 36 centavos para el pago de cinco laudos dictados en los expedientes n\u00fameros 196\/2008, 200\/2008, 204\/2008, 218\/2008 y 228\/2008 radicados en la Junta de Arbitraje para Empleados (as) al Servicio de los Poderes del Estado.<\/p>\n\n\n\n<p>&nbsp;<\/p>\n\n\n\n<p>Por su parte, el ayuntamiento de San Juan Bautista Valle Nacional pidi\u00f3 una partida presupuestal de siete millones 291 mil 151 pesos para el pago a que fue condenado en cuatro sentencias y laudos.&nbsp;<\/p>\n\n\n\n<p>&nbsp;<\/p>\n\n\n\n<p>Al respecto, el Congreso determin\u00f3 improcedente autorizar dichas partidas ya que de acuerdo con la ley, los municipios tienen el manejo libre y exclusivo de su Hacienda, \u201cestos deben responder de las obligaciones surgidas de su operatividad, incluidas las que deriven de laudos y sentencias, ya que el presupuesto municipal lo determina y autoriza cada ayuntamiento, por lo que deben prever y atender los vencimientos de sus pasivos, as\u00ed como determinar la prioridad de pago de estos por ser su exclusiva responsabilidad\u201d.&nbsp;<\/p>\n\n\n\n<p><br \/>\u201cEl Congreso de Oaxaca no tiene atribuci\u00f3n legal que le permita autorizar&nbsp; dichas partidas presupuestales especiales en el presupuesto de egresos para el ejercicio fiscal 2023 para el pago de laudos, por ser legalmente improcedente puesto que es una facultad exclusiva de cada ayuntamiento hacerlo\u201d, explic\u00f3 la Comisi\u00f3n Permanente de Hacienda.<\/p>\n","protected":false},"excerpt":{"rendered":"<p>&nbsp; \u2022 Los ayuntamientos de San Juan Bautista Valle Nacional y Ciudad Ixtepec solicitaron una&#8230;<\/p>\n","protected":false},"author":2,"featured_media":7662,"comment_status":"open","ping_status":"open","sticky":false,"template":"","format":"standard","meta":{"footnotes":""},"categories":[6],"tags":[],"jetpack_sharing_enabled":true,"featured_image_urls":{"full":"","thumbnail":"","medium":"","medium_large":"","large":"","1536x1536":"","2048x2048":"","covernews-slider-full":"","covernews-slider-center":"","covernews-featured":"","covernews-medium":"","covernews-medium-square":""},"author_info":{"display_name":"Miguel","author_link":"https:\/\/contextoanalisisperiodistico.com\/index.php\/author\/editor\/"},"category_info":"<a href=\"https:\/\/contextoanalisisperiodistico.com\/index.php\/category\/legislatura\/\" rel=\"category tag\">Legislatura<\/a>","tag_info":"Legislatura","comment_count":"0","jetpack_featured_media_url":"","_links":{"self":[{"href":"https:\/\/contextoanalisisperiodistico.com\/index.php\/wp-json\/wp\/v2\/posts\/7661"}],"collection":[{"href":"https:\/\/contextoanalisisperiodistico.com\/index.php\/wp-json\/wp\/v2\/posts"}],"about":[{"href":"https:\/\/contextoanalisisperiodistico.com\/index.php\/wp-json\/wp\/v2\/types\/post"}],"author":[{"embeddable":true,"href":"https:\/\/contextoanalisisperiodistico.com\/index.php\/wp-json\/wp\/v2\/users\/2"}],"replies":[{"embeddable":true,"href":"https:\/\/contextoanalisisperiodistico.com\/index.php\/wp-json\/wp\/v2\/comments?post=7661"}],"version-history":[{"count":0,"href":"https:\/\/contextoanalisisperiodistico.com\/index.php\/wp-json\/wp\/v2\/posts\/7661\/revisions"}],"wp:featuredmedia":[{"embeddable":true,"href":"https:\/\/contextoanalisisperiodistico.com\/index.php\/wp-json\/"}],"wp:attachment":[{"href":"https:\/\/contextoanalisisperiodistico.com\/index.php\/wp-json\/wp\/v2\/media?parent=7661"}],"wp:term":[{"taxonomy":"category","embeddable":true,"href":"https:\/\/contextoanalisisperiodistico.com\/index.php\/wp-json\/wp\/v2\/categories?post=7661"},{"taxonomy":"post_tag","embeddable":true,"href":"https:\/\/contextoanalisisperiodistico.com\/index.php\/wp-json\/wp\/v2\/tags?post=7661"}],"curies":[{"name":"wp","href":"https:\/\/api.w.org\/{rel}","templated":true}]}}