{"id":7658,"date":"2023-01-31T13:58:41","date_gmt":"2023-01-31T19:58:41","guid":{"rendered":"http:\/\/contextoanalisisperiodistico.com.mx\/?p=7658"},"modified":"2023-01-31T13:58:41","modified_gmt":"2023-01-31T19:58:41","slug":"emite-gobierno-de-oaxaca-convocatoria-para-elegir-imagen-de-la-guelaguetza-2023","status":"publish","type":"post","link":"https:\/\/contextoanalisisperiodistico.com\/index.php\/2023\/01\/31\/emite-gobierno-de-oaxaca-convocatoria-para-elegir-imagen-de-la-guelaguetza-2023\/","title":{"rendered":"Emite Gobierno de Oaxaca convocatoria para elegir imagen de la Guelaguetza 2023"},"content":{"rendered":"<div id=\"fb-root\"><\/div>\n\n<p>\u2022 Las obras deber\u00e1n representar las caracter\u00edsticas culturales, art\u00edsticas, folcl\u00f3ricas, danc\u00edsticas, gastron\u00f3micas y tradicionales de las ocho regiones del estado<\/p>\n\n\n\n<p>\u2022 Podr\u00e1n participar oaxaque\u00f1as y oaxaque\u00f1os mayores de 18 a\u00f1os<\/p>\n\n\n\n<p>Oaxaca de Ju\u00e1rez, Oax. 31 de enero de 2023.- El Gobierno del Estado de Oaxaca, a trav\u00e9s de la Secretar\u00eda de Turismo (Sectur), convoca a oaxaque\u00f1os y oaxaque\u00f1as mayores de 18 a\u00f1os de edad a participar en el concurso estatal para seleccionar la imagen oficial de \u201cJulio, mes de la Guelaguetza 2023\u201d.<\/p>\n\n\n\n<p>Cada participante podr\u00e1 inscribir una obra, realizada de manera individual en modalidad abierta con el tema \u201cGuelaguetza 2023, Fiesta de los Lunes del Cerro\u201d y representar en ella las caracter\u00edsticas culturales, art\u00edsticas, folcl\u00f3ricas, danc\u00edsticas, gastron\u00f3micas y tradicionales de las ocho regiones del estado.<\/p>\n\n\n\n<p>La convocatoria cerrar\u00e1 el pr\u00f3ximo 10 de febrero y solo podr\u00e1n registrarse obras originales e in\u00e9ditas, no comprometidas para otros eventos; no exhibidas anteriormente, ni que hayan participado en otros cert\u00e1menes. La t\u00e9cnica para realizar la obra es modalidad abierta: pintura en acuarela, \u00f3leo, gouache, aerograf\u00eda, pintura al pastel, tinta, fresco, grabado, ilustraci\u00f3n tradicional, entre otras.<\/p>\n\n\n\n<p>Las creaciones se recibir\u00e1n en las oficinas de la Sectur Oaxaca, en Av. Ju\u00e1rez No. 703, colonia Centro, en un horario de 10:00 a 15:00 horas, en el Departamento de Eventos Especiales, de manera personal.<\/p>\n\n\n\n<p>Luego de la etapa de recepci\u00f3n de obras, un jurado calificador conformado por personas expertas en artes gr\u00e1ficas, por integrantes del Comit\u00e9 de Autenticidad y organizadores de las festividades de la Guelaguetza, seleccionar\u00e1n a la obra ganadora y su fallo ser\u00e1 inapelable.<\/p>\n\n\n\n<p>La obra seleccionada representar\u00e1 a nivel local, nacional e internacional la m\u00e1xima fiesta de las y los oaxaque\u00f1os en su edici\u00f3n 2023; y la persona ganadora recibir\u00e1 el reconocimiento por escrito por parte de la Sectur Oaxaca y un apoyo econ\u00f3mico de 25 mil pesos.<\/p>\n\n\n\n<p>As\u00ed tambi\u00e9n, se presentar\u00e1 en una exposici\u00f3n colectiva con obras participantes en este certamen; y entrevistas en medios de comunicaci\u00f3n para dar a conocer la imagen oficial, su propuesta y trayectoria art\u00edstica.<\/p>\n\n\n\n<p>Para obtener mayor informaci\u00f3n y conocer los lineamientos de la convocatoria, podr\u00e1n comunicarse al tel\u00e9fono (951) 502 1200 ext. 1231 en el Departamento de Eventos Especiales, o acudir a las oficinas de la Sectur Oaxaca en un horario de 10:00 a 15:00 horas.<\/p>\n\n\n\n<p>La convocatoria completa puede ser consultada en la p\u00e1gina de Facebook del Gobierno del Estado https:\/\/www.facebook.com\/photo?fbid=553625273459019&amp;set=a.356854443136104<\/p>\n\n\n\n<p>-0-<\/p>\n","protected":false},"excerpt":{"rendered":"<p>\u2022 Las obras deber\u00e1n representar las caracter\u00edsticas culturales, art\u00edsticas, folcl\u00f3ricas, danc\u00edsticas, gastron\u00f3micas y tradicionales de&#8230;<\/p>\n","protected":false},"author":2,"featured_media":7659,"comment_status":"open","ping_status":"open","sticky":false,"template":"","format":"standard","meta":{"footnotes":""},"categories":[7],"tags":[],"jetpack_sharing_enabled":true,"featured_image_urls":{"full":"","thumbnail":"","medium":"","medium_large":"","large":"","1536x1536":"","2048x2048":"","covernews-slider-full":"","covernews-slider-center":"","covernews-featured":"","covernews-medium":"","covernews-medium-square":""},"author_info":{"display_name":"Miguel","author_link":"https:\/\/contextoanalisisperiodistico.com\/index.php\/author\/editor\/"},"category_info":"<a href=\"https:\/\/contextoanalisisperiodistico.com\/index.php\/category\/municipios\/\" rel=\"category tag\">Municipios<\/a>","tag_info":"Municipios","comment_count":"0","jetpack_featured_media_url":"","_links":{"self":[{"href":"https:\/\/contextoanalisisperiodistico.com\/index.php\/wp-json\/wp\/v2\/posts\/7658"}],"collection":[{"href":"https:\/\/contextoanalisisperiodistico.com\/index.php\/wp-json\/wp\/v2\/posts"}],"about":[{"href":"https:\/\/contextoanalisisperiodistico.com\/index.php\/wp-json\/wp\/v2\/types\/post"}],"author":[{"embeddable":true,"href":"https:\/\/contextoanalisisperiodistico.com\/index.php\/wp-json\/wp\/v2\/users\/2"}],"replies":[{"embeddable":true,"href":"https:\/\/contextoanalisisperiodistico.com\/index.php\/wp-json\/wp\/v2\/comments?post=7658"}],"version-history":[{"count":0,"href":"https:\/\/contextoanalisisperiodistico.com\/index.php\/wp-json\/wp\/v2\/posts\/7658\/revisions"}],"wp:featuredmedia":[{"embeddable":true,"href":"https:\/\/contextoanalisisperiodistico.com\/index.php\/wp-json\/"}],"wp:attachment":[{"href":"https:\/\/contextoanalisisperiodistico.com\/index.php\/wp-json\/wp\/v2\/media?parent=7658"}],"wp:term":[{"taxonomy":"category","embeddable":true,"href":"https:\/\/contextoanalisisperiodistico.com\/index.php\/wp-json\/wp\/v2\/categories?post=7658"},{"taxonomy":"post_tag","embeddable":true,"href":"https:\/\/contextoanalisisperiodistico.com\/index.php\/wp-json\/wp\/v2\/tags?post=7658"}],"curies":[{"name":"wp","href":"https:\/\/api.w.org\/{rel}","templated":true}]}}