{"id":7622,"date":"2023-01-30T18:17:44","date_gmt":"2023-01-31T00:17:44","guid":{"rendered":"http:\/\/contextoanalisisperiodistico.com.mx\/?p=7622"},"modified":"2023-01-30T18:17:44","modified_gmt":"2023-01-31T00:17:44","slug":"atienden-indicacion-de-capacitacion-en-la-central-de-abasto-de-martinez-neri","status":"publish","type":"post","link":"https:\/\/contextoanalisisperiodistico.com\/index.php\/2023\/01\/30\/atienden-indicacion-de-capacitacion-en-la-central-de-abasto-de-martinez-neri\/","title":{"rendered":"Atienden indicaci\u00f3n de capacitaci\u00f3n en la Central de Abasto de Mart\u00ednez Neri"},"content":{"rendered":"<div id=\"fb-root\"><\/div>\n\n<p>Comunicado.-Locatarios y locatarias de la Central de Abasto, principal centro municipal generador de residuos org\u00e1nicos, reciben con benepl\u00e1cito la informaci\u00f3n respecto a la separaci\u00f3n de los Residuos S\u00f3lidos Urbanos que les otorga personal del municipio de Oaxaca de Ju\u00e1rez, por indicaciones del presidente municipal, Francisco Mart\u00ednez Neri.<\/p>\n\n\n\n<figure class=\"wp-block-video\"><video controls src=\"https:\/\/contextoinformacionyanalisisperiodistico.files.wordpress.com\/2023\/01\/vid-20230130-wa0045.mp4\"><\/video><\/figure>\n\n\n\n<figure class=\"wp-block-image size-large\"><img decoding=\"async\" src=\"https:\/\/contextoinformacionyanalisisperiodistico.files.wordpress.com\/2023\/01\/screenshot_20230130-181054_whatsapp337578177674118355.jpg?w=720\" alt=\"\" class=\"wp-image-7625\" \/><\/figure>\n\n\n\n<figure class=\"wp-block-image\"><img decoding=\"async\" src=\"https:\/\/contextoinformacionyanalisisperiodistico.files.wordpress.com\/2023\/01\/screenshot_20230130-175759_whatsapp1695411140373021807.jpg?w=720\" alt=\"\" class=\"wp-image-7626\" \/><\/figure>\n\n\n\n<figure class=\"wp-block-image\"><img decoding=\"async\" src=\"https:\/\/contextoinformacionyanalisisperiodistico.files.wordpress.com\/2023\/01\/screenshot_20230130-175805_whatsapp1559346810570682747.jpg?w=720\" alt=\"\" class=\"wp-image-7627\" \/><\/figure>\n\n\n\n<figure class=\"wp-block-image\"><img decoding=\"async\" src=\"https:\/\/contextoinformacionyanalisisperiodistico.files.wordpress.com\/2023\/01\/screenshot_20230130-175801_whatsapp8820542211591179271.jpg?w=720\" alt=\"\" class=\"wp-image-7628\" \/><\/figure>\n","protected":false},"excerpt":{"rendered":"<p>Comunicado.-Locatarios y locatarias de la Central de Abasto, principal centro municipal generador de residuos org\u00e1nicos,&#8230;<\/p>\n","protected":false},"author":2,"featured_media":7623,"comment_status":"open","ping_status":"open","sticky":false,"template":"","format":"standard","meta":{"footnotes":""},"categories":[3],"tags":[],"jetpack_sharing_enabled":true,"featured_image_urls":{"full":"","thumbnail":"","medium":"","medium_large":"","large":"","1536x1536":"","2048x2048":"","covernews-slider-full":"","covernews-slider-center":"","covernews-featured":"","covernews-medium":"","covernews-medium-square":""},"author_info":{"display_name":"Miguel","author_link":"https:\/\/contextoanalisisperiodistico.com\/index.php\/author\/editor\/"},"category_info":"<a href=\"https:\/\/contextoanalisisperiodistico.com\/index.php\/category\/ciudad\/\" rel=\"category tag\">Ciudad<\/a>","tag_info":"Ciudad","comment_count":"0","jetpack_featured_media_url":"","_links":{"self":[{"href":"https:\/\/contextoanalisisperiodistico.com\/index.php\/wp-json\/wp\/v2\/posts\/7622"}],"collection":[{"href":"https:\/\/contextoanalisisperiodistico.com\/index.php\/wp-json\/wp\/v2\/posts"}],"about":[{"href":"https:\/\/contextoanalisisperiodistico.com\/index.php\/wp-json\/wp\/v2\/types\/post"}],"author":[{"embeddable":true,"href":"https:\/\/contextoanalisisperiodistico.com\/index.php\/wp-json\/wp\/v2\/users\/2"}],"replies":[{"embeddable":true,"href":"https:\/\/contextoanalisisperiodistico.com\/index.php\/wp-json\/wp\/v2\/comments?post=7622"}],"version-history":[{"count":0,"href":"https:\/\/contextoanalisisperiodistico.com\/index.php\/wp-json\/wp\/v2\/posts\/7622\/revisions"}],"wp:featuredmedia":[{"embeddable":true,"href":"https:\/\/contextoanalisisperiodistico.com\/index.php\/wp-json\/"}],"wp:attachment":[{"href":"https:\/\/contextoanalisisperiodistico.com\/index.php\/wp-json\/wp\/v2\/media?parent=7622"}],"wp:term":[{"taxonomy":"category","embeddable":true,"href":"https:\/\/contextoanalisisperiodistico.com\/index.php\/wp-json\/wp\/v2\/categories?post=7622"},{"taxonomy":"post_tag","embeddable":true,"href":"https:\/\/contextoanalisisperiodistico.com\/index.php\/wp-json\/wp\/v2\/tags?post=7622"}],"curies":[{"name":"wp","href":"https:\/\/api.w.org\/{rel}","templated":true}]}}