{"id":7613,"date":"2023-01-30T18:03:30","date_gmt":"2023-01-31T00:03:30","guid":{"rendered":"http:\/\/contextoanalisisperiodistico.com.mx\/?p=7613"},"modified":"2023-01-30T18:03:30","modified_gmt":"2023-01-31T00:03:30","slug":"continua-municipio-oaxaca-de-juarez-trabajando-el-fortalecimiento-de-la-materia-en-seguridad","status":"publish","type":"post","link":"https:\/\/contextoanalisisperiodistico.com\/index.php\/2023\/01\/30\/continua-municipio-oaxaca-de-juarez-trabajando-el-fortalecimiento-de-la-materia-en-seguridad\/","title":{"rendered":"Contin\u00faa municipio Oaxaca de Ju\u00e1rez trabajando el fortalecimiento de la seguridad p\u00fablica"},"content":{"rendered":"<div id=\"fb-root\"><\/div>\n\n<p>Oaxaca de Ju\u00e1rez, Oax., a 30 de enero de 2023. Para fortalecer la coordinaci\u00f3n en favor de la seguridad en la regi\u00f3n, el municipio de Oaxaca de Ju\u00e1rez fue sede de la reuni\u00f3n de seguridad de Coordinaci\u00f3n Territorial para la Construcci\u00f3n de Paz y Seguridad Regional en Oaxaca (sector uno), donde se discutieron los pormenores de las acciones llevadas a cabo en la semana.<\/p>\n\n\n\n<p>En su intervenci\u00f3n, el edil capitalino, Francisco Mart\u00ednez Neri, enfatiz\u00f3 que este tipo de sesiones representan una oportunidad para establecer acciones conjuntas que permitan fortalecer las estrategias en la materia.<\/p>\n\n\n\n<p>Asimismo, conmin\u00f3 a las y los presentes a trabajar de la mano con el gobierno estatal y agreg\u00f3 que la designaci\u00f3n del nuevo fiscal general del estado, representa una oportunidad para seguir avanzando en la construcci\u00f3n del bienestar y la tranquilidad de las familias.<\/p>\n\n\n\n<p>Esta reuni\u00f3n estuvo encabezada por la Secretaria T\u00e9cnica Regional de Oaxaca de Ju\u00e1rez, Rocio L\u00f3pez Cruz, y el presidente municipal de Oaxaca de Ju\u00e1rez, Francisco Mart\u00ednez Neri, en la cual participaron autoridades municipales, representantes de la SEDENA, GN., AEI, S.S.P.O. y Centro Nacional de Informaci\u00f3n.<\/p>\n\n\n\n<p>En este sentido, el gobierno estatal y los gobiernos municipales, reafirman la voluntad de trabajar unidos y redoblar esfuerzos en torno a la seguridad ciudadana.<\/p>\n\n\n\n<figure class=\"wp-block-image size-large\"><img decoding=\"async\" src=\"https:\/\/contextoinformacionyanalisisperiodistico.files.wordpress.com\/2023\/01\/img-20230130-wa00627507653500002009770.jpg?w=1024\" alt=\"\" class=\"wp-image-7617\" \/><\/figure>\n\n\n\n<figure class=\"wp-block-image\"><img decoding=\"async\" src=\"https:\/\/contextoinformacionyanalisisperiodistico.files.wordpress.com\/2023\/01\/img-20230130-wa00634530051438504040791.jpg?w=1024\" alt=\"\" class=\"wp-image-7618\" \/><\/figure>\n\n\n\n<figure class=\"wp-block-image\"><img decoding=\"async\" src=\"https:\/\/contextoinformacionyanalisisperiodistico.files.wordpress.com\/2023\/01\/img-20230130-wa00617475142141058545051.jpg?w=1024\" alt=\"\" class=\"wp-image-7616\" \/><\/figure>\n","protected":false},"excerpt":{"rendered":"<p>Oaxaca de Ju\u00e1rez, Oax., a 30 de enero de 2023. Para fortalecer la coordinaci\u00f3n en&#8230;<\/p>\n","protected":false},"author":2,"featured_media":7615,"comment_status":"open","ping_status":"open","sticky":false,"template":"","format":"standard","meta":{"footnotes":""},"categories":[7],"tags":[],"jetpack_sharing_enabled":true,"featured_image_urls":{"full":"","thumbnail":"","medium":"","medium_large":"","large":"","1536x1536":"","2048x2048":"","covernews-slider-full":"","covernews-slider-center":"","covernews-featured":"","covernews-medium":"","covernews-medium-square":""},"author_info":{"display_name":"Miguel","author_link":"https:\/\/contextoanalisisperiodistico.com\/index.php\/author\/editor\/"},"category_info":"<a href=\"https:\/\/contextoanalisisperiodistico.com\/index.php\/category\/municipios\/\" rel=\"category tag\">Municipios<\/a>","tag_info":"Municipios","comment_count":"0","jetpack_featured_media_url":"","_links":{"self":[{"href":"https:\/\/contextoanalisisperiodistico.com\/index.php\/wp-json\/wp\/v2\/posts\/7613"}],"collection":[{"href":"https:\/\/contextoanalisisperiodistico.com\/index.php\/wp-json\/wp\/v2\/posts"}],"about":[{"href":"https:\/\/contextoanalisisperiodistico.com\/index.php\/wp-json\/wp\/v2\/types\/post"}],"author":[{"embeddable":true,"href":"https:\/\/contextoanalisisperiodistico.com\/index.php\/wp-json\/wp\/v2\/users\/2"}],"replies":[{"embeddable":true,"href":"https:\/\/contextoanalisisperiodistico.com\/index.php\/wp-json\/wp\/v2\/comments?post=7613"}],"version-history":[{"count":0,"href":"https:\/\/contextoanalisisperiodistico.com\/index.php\/wp-json\/wp\/v2\/posts\/7613\/revisions"}],"wp:featuredmedia":[{"embeddable":true,"href":"https:\/\/contextoanalisisperiodistico.com\/index.php\/wp-json\/"}],"wp:attachment":[{"href":"https:\/\/contextoanalisisperiodistico.com\/index.php\/wp-json\/wp\/v2\/media?parent=7613"}],"wp:term":[{"taxonomy":"category","embeddable":true,"href":"https:\/\/contextoanalisisperiodistico.com\/index.php\/wp-json\/wp\/v2\/categories?post=7613"},{"taxonomy":"post_tag","embeddable":true,"href":"https:\/\/contextoanalisisperiodistico.com\/index.php\/wp-json\/wp\/v2\/tags?post=7613"}],"curies":[{"name":"wp","href":"https:\/\/api.w.org\/{rel}","templated":true}]}}